{"id":42889,"date":"2018-11-01T20:45:22","date_gmt":"2018-11-01T23:45:22","guid":{"rendered":"https:\/\/eldiariodesanpedro.com.ar\/sitio\/?p=42889"},"modified":"2026-01-24T00:09:10","modified_gmt":"2026-01-24T03:09:10","slug":"basquet-mitre-en-la-recta-final-del-torneo-clausura-de-la-anb","status":"publish","type":"post","link":"https:\/\/eldiariodesanpedro.com.ar\/sitio\/basquet-mitre-en-la-recta-final-del-torneo-clausura-de-la-anb\/","title":{"rendered":"B\u00c1SQUET: Mitre en la recta final del Torneo Clausura de la ANB"},"content":{"rendered":"<p><!-- VideographyWP Plugin Message: Automatic video embedding prevented by plugin options. --><br \/>\n  Por la 10\u00b0 fecha del Torneo Clausura de Divisiones Inferiores, el Club Atl\u00e9tico Mitre fue local del Club La Emilia que se llev\u00f3 la tira de partidos por 3 a 1.<br \/>\n  La jornada fue propicia para la presentaci\u00f3n de la nueva indumentaria del \u201cRojo\u201d que gracias al arduo trabajo de la Subcomisi\u00f3n pudo adquirir nueva ropa para todas las categor\u00edas.<br \/>\n  Los Cebollitas y PreMini abrieron la jornada con mucha convocatoria de jugadores y espectadores. Luego fue el turno de los Mini, que demostraron pasajes de buen juego.<br \/>\n  Las dem\u00e1s divisionales tuvieron los siguientes resultados:<br \/>\nU13: Mitre 40 \u2013 37 La Emilia (Luego el Tribunal de la Liga decidir\u00e1 el tanteador final del juego, ya que los visitantes no llegaron a la cantidad m\u00ednima de jugadores)<br \/>\nU15: Mitre 25 \u2013 76 La Emilia<br \/>\nU17: Mitre 58 \u2013 66 La Emilia<br \/>\nU19: Mitre 53 \u2013 84 La Emilia<br \/>\n  El pr\u00f3ximo s\u00e1bado por la 11\u00b0fecha, Mitre ser\u00e1 visitante de Somisa \u201cB\u201d de San Nicol\u00e1s en las categor\u00edas U15 y U17, mientras que los Cebollitas, Pre Mini y Mini participar\u00e1n del Encuentro del Club N\u00e1utico durante el s\u00e1bado y el domingo, quedando libre los U19.<\/p>\n","protected":false},"excerpt":{"rendered":"<p>Por la 10\u00b0 fecha del Torneo Clausura de Divisiones Inferiores, el Club Atl\u00e9tico Mitre fue local del Club La Emilia que se llev\u00f3 la tira de partidos por 3 a 1. La jornada fue propicia para la presentaci\u00f3n de la nueva indumentaria del \u201cRojo\u201d que gracias al arduo trabajo de la Subcomisi\u00f3n pudo adquirir nueva [&hellip;]<\/p>\n","protected":false},"author":4,"featured_media":35976,"comment_status":"open","ping_status":"closed","sticky":false,"template":"","format":"standard","meta":{"om_disable_all_campaigns":false,"_jetpack_memberships_contains_paid_content":false,"footnotes":""},"categories":[5],"tags":[],"class_list":["post-42889","post","type-post","status-publish","format-standard","has-post-thumbnail","hentry","category-deportes"],"aioseo_notices":[],"gutentor_comment":0,"jetpack_featured_media_url":"https:\/\/eldiariodesanpedro.com.ar\/sitio\/wp-content\/uploads\/2018\/07\/basquet-2.jpg","jetpack_shortlink":"https:\/\/wp.me\/p6RhLt-b9L","jetpack_sharing_enabled":true,"_links":{"self":[{"href":"https:\/\/eldiariodesanpedro.com.ar\/sitio\/wp-json\/wp\/v2\/posts\/42889","targetHints":{"allow":["GET"]}}],"collection":[{"href":"https:\/\/eldiariodesanpedro.com.ar\/sitio\/wp-json\/wp\/v2\/posts"}],"about":[{"href":"https:\/\/eldiariodesanpedro.com.ar\/sitio\/wp-json\/wp\/v2\/types\/post"}],"author":[{"embeddable":true,"href":"https:\/\/eldiariodesanpedro.com.ar\/sitio\/wp-json\/wp\/v2\/users\/4"}],"replies":[{"embeddable":true,"href":"https:\/\/eldiariodesanpedro.com.ar\/sitio\/wp-json\/wp\/v2\/comments?post=42889"}],"version-history":[{"count":2,"href":"https:\/\/eldiariodesanpedro.com.ar\/sitio\/wp-json\/wp\/v2\/posts\/42889\/revisions"}],"predecessor-version":[{"id":42892,"href":"https:\/\/eldiariodesanpedro.com.ar\/sitio\/wp-json\/wp\/v2\/posts\/42889\/revisions\/42892"}],"wp:featuredmedia":[{"embeddable":true,"href":"https:\/\/eldiariodesanpedro.com.ar\/sitio\/wp-json\/wp\/v2\/media\/35976"}],"wp:attachment":[{"href":"https:\/\/eldiariodesanpedro.com.ar\/sitio\/wp-json\/wp\/v2\/media?parent=42889"}],"wp:term":[{"taxonomy":"category","embeddable":true,"href":"https:\/\/eldiariodesanpedro.com.ar\/sitio\/wp-json\/wp\/v2\/categories?post=42889"},{"taxonomy":"post_tag","embeddable":true,"href":"https:\/\/eldiariodesanpedro.com.ar\/sitio\/wp-json\/wp\/v2\/tags?post=42889"}],"curies":[{"name":"wp","href":"https:\/\/api.w.org\/{rel}","templated":true}]}}