{"id":42886,"date":"2018-11-01T20:45:25","date_gmt":"2018-11-01T23:45:25","guid":{"rendered":"https:\/\/eldiariodesanpedro.com.ar\/sitio\/?p=42886"},"modified":"2026-01-24T00:09:09","modified_gmt":"2026-01-24T03:09:09","slug":"minibasquet-nautico-recibe-a-clubes-de-todo-el-pais","status":"publish","type":"post","link":"https:\/\/eldiariodesanpedro.com.ar\/sitio\/minibasquet-nautico-recibe-a-clubes-de-todo-el-pais\/","title":{"rendered":"MINIB\u00c1SQUET: N\u00e1utico recibe a clubes de todo el pa\u00eds"},"content":{"rendered":"<p><!-- VideographyWP Plugin Message: Automatic video embedding prevented by plugin options. --><br \/>\n  Una nueva edici\u00f3n del Encuentro de Minib\u00e1squet que organiza la Subcomisi\u00f3n de basquet del club N\u00e1utico y que lleva el nombre de Horacio Delprino, Capit\u00e1n del club fallecido el a\u00f1o pasado e incansable colaborador de este deporte, se llevar\u00e1 a cabo este fin de semana. Se espera como todos los a\u00f1os la presencia de clubes de diferentes puntos del pa\u00eds que ya se est\u00e1n inscribiendo. Tambi\u00e9n participaran los clubes que cuentan con esta actividad en San Pedro. <\/p>\n","protected":false},"excerpt":{"rendered":"<p>Una nueva edici\u00f3n del Encuentro de Minib\u00e1squet que organiza la Subcomisi\u00f3n de basquet del club N\u00e1utico y que lleva el nombre de Horacio Delprino, Capit\u00e1n del club fallecido el a\u00f1o pasado e incansable colaborador de este deporte, se llevar\u00e1 a cabo este fin de semana. Se espera como todos los a\u00f1os la presencia de clubes [&hellip;]<\/p>\n","protected":false},"author":4,"featured_media":10390,"comment_status":"open","ping_status":"closed","sticky":false,"template":"","format":"standard","meta":{"om_disable_all_campaigns":false,"_jetpack_memberships_contains_paid_content":false,"footnotes":""},"categories":[5],"tags":[],"class_list":["post-42886","post","type-post","status-publish","format-standard","has-post-thumbnail","hentry","category-deportes"],"aioseo_notices":[],"gutentor_comment":0,"jetpack_featured_media_url":"https:\/\/eldiariodesanpedro.com.ar\/sitio\/wp-content\/uploads\/2016\/11\/basquet.jpg","jetpack_shortlink":"https:\/\/wp.me\/p6RhLt-b9I","jetpack_sharing_enabled":true,"_links":{"self":[{"href":"https:\/\/eldiariodesanpedro.com.ar\/sitio\/wp-json\/wp\/v2\/posts\/42886","targetHints":{"allow":["GET"]}}],"collection":[{"href":"https:\/\/eldiariodesanpedro.com.ar\/sitio\/wp-json\/wp\/v2\/posts"}],"about":[{"href":"https:\/\/eldiariodesanpedro.com.ar\/sitio\/wp-json\/wp\/v2\/types\/post"}],"author":[{"embeddable":true,"href":"https:\/\/eldiariodesanpedro.com.ar\/sitio\/wp-json\/wp\/v2\/users\/4"}],"replies":[{"embeddable":true,"href":"https:\/\/eldiariodesanpedro.com.ar\/sitio\/wp-json\/wp\/v2\/comments?post=42886"}],"version-history":[{"count":2,"href":"https:\/\/eldiariodesanpedro.com.ar\/sitio\/wp-json\/wp\/v2\/posts\/42886\/revisions"}],"predecessor-version":[{"id":42893,"href":"https:\/\/eldiariodesanpedro.com.ar\/sitio\/wp-json\/wp\/v2\/posts\/42886\/revisions\/42893"}],"wp:featuredmedia":[{"embeddable":true,"href":"https:\/\/eldiariodesanpedro.com.ar\/sitio\/wp-json\/wp\/v2\/media\/10390"}],"wp:attachment":[{"href":"https:\/\/eldiariodesanpedro.com.ar\/sitio\/wp-json\/wp\/v2\/media?parent=42886"}],"wp:term":[{"taxonomy":"category","embeddable":true,"href":"https:\/\/eldiariodesanpedro.com.ar\/sitio\/wp-json\/wp\/v2\/categories?post=42886"},{"taxonomy":"post_tag","embeddable":true,"href":"https:\/\/eldiariodesanpedro.com.ar\/sitio\/wp-json\/wp\/v2\/tags?post=42886"}],"curies":[{"name":"wp","href":"https:\/\/api.w.org\/{rel}","templated":true}]}}