{"id":42884,"date":"2018-11-01T20:43:41","date_gmt":"2018-11-01T23:43:41","guid":{"rendered":"https:\/\/eldiariodesanpedro.com.ar\/sitio\/?p=42884"},"modified":"2026-01-24T00:09:10","modified_gmt":"2026-01-24T03:09:10","slug":"voley-presentacion-de-la-participacion-del-sub-15-del-club-en-la-copa-argentina-de-clubes-2018","status":"publish","type":"post","link":"https:\/\/eldiariodesanpedro.com.ar\/sitio\/voley-presentacion-de-la-participacion-del-sub-15-del-club-en-la-copa-argentina-de-clubes-2018\/","title":{"rendered":"V\u00d3LEY: Presentaci\u00f3n de la participaci\u00f3n del sub 15 del Club en la Copa Argentina de Clubes 2018"},"content":{"rendered":"<p><!-- VideographyWP Plugin Message: Automatic video embedding prevented by plugin options. --><br \/>\n  La Direcci\u00f3n de Deportes y la Subcomisi\u00f3n de V\u00f3ley del Club N\u00e1utico San Pedro realizaran una conferencia de presentaci\u00f3n que se realizar\u00e1 este s\u00e1bado a las 11hs en el Sal\u00f3n Social para anunciar la participaci\u00f3n del equipo Sub 15 masculino en la Copa Argentina de Clubes.<br \/>\n  Los representantes del N\u00e1utico se ganaron el derecho a competir junto a los 25 clubes m\u00e1s importantes del pa\u00eds.<br \/>\n  En la presentaci\u00f3n se dar\u00e1n todos los detalles sobre este torneo que comienza el 4 de noviembre y sobre el proyecto deportivo que ha permitido que tras dos a\u00f1os de trabajo un equipo de j\u00f3venes del club acceda a este importante desaf\u00edo.<\/p>\n","protected":false},"excerpt":{"rendered":"<p>La Direcci\u00f3n de Deportes y la Subcomisi\u00f3n de V\u00f3ley del Club N\u00e1utico San Pedro realizaran una conferencia de presentaci\u00f3n que se realizar\u00e1 este s\u00e1bado a las 11hs en el Sal\u00f3n Social para anunciar la participaci\u00f3n del equipo Sub 15 masculino en la Copa Argentina de Clubes. Los representantes del N\u00e1utico se ganaron el derecho a [&hellip;]<\/p>\n","protected":false},"author":4,"featured_media":42885,"comment_status":"open","ping_status":"closed","sticky":false,"template":"","format":"standard","meta":{"om_disable_all_campaigns":false,"_jetpack_memberships_contains_paid_content":false,"footnotes":""},"categories":[5],"tags":[],"class_list":["post-42884","post","type-post","status-publish","format-standard","has-post-thumbnail","hentry","category-deportes"],"aioseo_notices":[],"gutentor_comment":0,"jetpack_featured_media_url":"https:\/\/eldiariodesanpedro.com.ar\/sitio\/wp-content\/uploads\/2018\/11\/sub-15-nautico-voley.jpg","jetpack_shortlink":"https:\/\/wp.me\/p6RhLt-b9G","jetpack_sharing_enabled":true,"_links":{"self":[{"href":"https:\/\/eldiariodesanpedro.com.ar\/sitio\/wp-json\/wp\/v2\/posts\/42884","targetHints":{"allow":["GET"]}}],"collection":[{"href":"https:\/\/eldiariodesanpedro.com.ar\/sitio\/wp-json\/wp\/v2\/posts"}],"about":[{"href":"https:\/\/eldiariodesanpedro.com.ar\/sitio\/wp-json\/wp\/v2\/types\/post"}],"author":[{"embeddable":true,"href":"https:\/\/eldiariodesanpedro.com.ar\/sitio\/wp-json\/wp\/v2\/users\/4"}],"replies":[{"embeddable":true,"href":"https:\/\/eldiariodesanpedro.com.ar\/sitio\/wp-json\/wp\/v2\/comments?post=42884"}],"version-history":[{"count":1,"href":"https:\/\/eldiariodesanpedro.com.ar\/sitio\/wp-json\/wp\/v2\/posts\/42884\/revisions"}],"predecessor-version":[{"id":42888,"href":"https:\/\/eldiariodesanpedro.com.ar\/sitio\/wp-json\/wp\/v2\/posts\/42884\/revisions\/42888"}],"wp:featuredmedia":[{"embeddable":true,"href":"https:\/\/eldiariodesanpedro.com.ar\/sitio\/wp-json\/wp\/v2\/media\/42885"}],"wp:attachment":[{"href":"https:\/\/eldiariodesanpedro.com.ar\/sitio\/wp-json\/wp\/v2\/media?parent=42884"}],"wp:term":[{"taxonomy":"category","embeddable":true,"href":"https:\/\/eldiariodesanpedro.com.ar\/sitio\/wp-json\/wp\/v2\/categories?post=42884"},{"taxonomy":"post_tag","embeddable":true,"href":"https:\/\/eldiariodesanpedro.com.ar\/sitio\/wp-json\/wp\/v2\/tags?post=42884"}],"curies":[{"name":"wp","href":"https:\/\/api.w.org\/{rel}","templated":true}]}}