{"id":42880,"date":"2018-11-01T20:41:47","date_gmt":"2018-11-01T23:41:47","guid":{"rendered":"https:\/\/eldiariodesanpedro.com.ar\/sitio\/?p=42880"},"modified":"2026-01-24T00:09:10","modified_gmt":"2026-01-24T03:09:10","slug":"natacion-comenzo-el-provincial-de-miramar","status":"publish","type":"post","link":"https:\/\/eldiariodesanpedro.com.ar\/sitio\/natacion-comenzo-el-provincial-de-miramar\/","title":{"rendered":"NATACI\u00d3N: Comenz\u00f3 el Provincial de Miramar"},"content":{"rendered":"<p><!-- VideographyWP Plugin Message: Automatic video embedding prevented by plugin options. --><br \/>\nDos delegaciones de nadadores nos representan en el Provincial de que se lleva a cabo en el natatorio Municipal de Miramar organizado por la Federaci\u00f3n Buenos aires Sur (Fenbas).<br \/>\n  La actividad comenz\u00f3 el jueves y hasta el domingo 4 de noviembre.<\/p>\n<p><em>  Los deportistas que viajaron son:<\/em><br \/>\nLola Ram\u00edrez, Candela Raviola, Abril Guti\u00e9rrez, Violeta Comment, Berenice Cisneros, Estefan\u00eda Mart\u00ednez, Huilen Leiva, Genaro V\u00e1zquez, Juli\u00e1n Mariani, Zuahir L\u00f3pez y Gast\u00f3n Antelo, todos del Club Pescadores.<br \/>\nMilena Franzoia, Agust\u00edn Zelaschi, Naiqu\u00e9n Taurizano, Martina Dalix Riera, Melina Arias, Bruno Giles, Catalina Silicani, Denise Arias, Valent\u00edn Melgar, Pedro Adrover, Nazareno Molina, Ana Yeri, Antonio \u00c1lvarez, Emiliano Molina, Micaela Su\u00e1rez D\u00edaz y Manuel Rivero de N\u00e1utico San Pedro.<br \/>\n  Cada uno participar\u00e1 en seis pruebas individuales y relevos. Entrenadores Sebasti\u00e1n Est\u00e9vez (Pescadores) y Sebasti\u00e1n Graff (CNSP).<\/p>\n","protected":false},"excerpt":{"rendered":"<p>Dos delegaciones de nadadores nos representan en el Provincial de que se lleva a cabo en el natatorio Municipal de Miramar organizado por la Federaci\u00f3n Buenos aires Sur (Fenbas). La actividad comenz\u00f3 el jueves y hasta el domingo 4 de noviembre. Los deportistas que viajaron son: Lola Ram\u00edrez, Candela Raviola, Abril Guti\u00e9rrez, Violeta Comment, Berenice [&hellip;]<\/p>\n","protected":false},"author":4,"featured_media":18906,"comment_status":"open","ping_status":"closed","sticky":false,"template":"","format":"standard","meta":{"om_disable_all_campaigns":false,"_jetpack_memberships_contains_paid_content":false,"footnotes":""},"categories":[5],"tags":[],"class_list":["post-42880","post","type-post","status-publish","format-standard","has-post-thumbnail","hentry","category-deportes"],"aioseo_notices":[],"gutentor_comment":0,"jetpack_featured_media_url":"https:\/\/eldiariodesanpedro.com.ar\/sitio\/wp-content\/uploads\/2017\/05\/natacion_1.jpg","jetpack_shortlink":"https:\/\/wp.me\/p6RhLt-b9C","jetpack_sharing_enabled":true,"_links":{"self":[{"href":"https:\/\/eldiariodesanpedro.com.ar\/sitio\/wp-json\/wp\/v2\/posts\/42880","targetHints":{"allow":["GET"]}}],"collection":[{"href":"https:\/\/eldiariodesanpedro.com.ar\/sitio\/wp-json\/wp\/v2\/posts"}],"about":[{"href":"https:\/\/eldiariodesanpedro.com.ar\/sitio\/wp-json\/wp\/v2\/types\/post"}],"author":[{"embeddable":true,"href":"https:\/\/eldiariodesanpedro.com.ar\/sitio\/wp-json\/wp\/v2\/users\/4"}],"replies":[{"embeddable":true,"href":"https:\/\/eldiariodesanpedro.com.ar\/sitio\/wp-json\/wp\/v2\/comments?post=42880"}],"version-history":[{"count":2,"href":"https:\/\/eldiariodesanpedro.com.ar\/sitio\/wp-json\/wp\/v2\/posts\/42880\/revisions"}],"predecessor-version":[{"id":42887,"href":"https:\/\/eldiariodesanpedro.com.ar\/sitio\/wp-json\/wp\/v2\/posts\/42880\/revisions\/42887"}],"wp:featuredmedia":[{"embeddable":true,"href":"https:\/\/eldiariodesanpedro.com.ar\/sitio\/wp-json\/wp\/v2\/media\/18906"}],"wp:attachment":[{"href":"https:\/\/eldiariodesanpedro.com.ar\/sitio\/wp-json\/wp\/v2\/media?parent=42880"}],"wp:term":[{"taxonomy":"category","embeddable":true,"href":"https:\/\/eldiariodesanpedro.com.ar\/sitio\/wp-json\/wp\/v2\/categories?post=42880"},{"taxonomy":"post_tag","embeddable":true,"href":"https:\/\/eldiariodesanpedro.com.ar\/sitio\/wp-json\/wp\/v2\/tags?post=42880"}],"curies":[{"name":"wp","href":"https:\/\/api.w.org\/{rel}","templated":true}]}}