{"id":42878,"date":"2018-11-01T20:41:43","date_gmt":"2018-11-01T23:41:43","guid":{"rendered":"https:\/\/eldiariodesanpedro.com.ar\/sitio\/?p=42878"},"modified":"2026-01-24T00:09:10","modified_gmt":"2026-01-24T03:09:10","slug":"el-circulo-de-san-pedro-participo-del-50-congreso-nacional-y-recibio-reconocimiento-jorge-a-bolla","status":"publish","type":"post","link":"https:\/\/eldiariodesanpedro.com.ar\/sitio\/el-circulo-de-san-pedro-participo-del-50-congreso-nacional-y-recibio-reconocimiento-jorge-a-bolla\/","title":{"rendered":"El C\u00edrculo de San Pedro particip\u00f3 del 50\u00b0 Congreso Nacional y recibi\u00f3 reconocimiento Jorge A. Bolla"},"content":{"rendered":"<p><!-- VideographyWP Plugin Message: Automatic video embedding prevented by plugin options. --><br \/>\n  Se llev\u00f3 a cabo en CABA el 50\u00b0 Congreso Nacional de la Federaci\u00f3n Argentina de Periodistas Deportivos y por ser parte del mismo el C\u00edrculo de nuestra ciudad estuvo representado por Rom\u00e1n Baca y Jorge P\u00e9rez.<br \/>\n  Se llev\u00f3 un reconocimiento Jorge Alberto Bolla, quien posee una destacada trayectoria en los medios de la ciudad de San Pedro, prestando servicios en el peri\u00f3dico \u201cEl Imparcial\u201d de la ciudad desde el a\u00f1o 1968, como de igual manera sobresaliendo en su labor por much\u00edsimos a\u00f1os en emisora \u201cApa Radio San Pedro\u201d en el programa decano de la prensa sampedrina denominado \u201cTablero Deportivo\u201d, y desde hace una d\u00e9cada conduce con su inconfundible estilo \u201cContame una Historia\u201d por FM ciudad, 89.1.<br \/>\n  En total cinco Periodistas de todo el pa\u00eds fueron premiados. Jorge en breve recibir\u00e1 otra distinci\u00f3n \u201cMaestros del periodismo\u201d en el Senado de la Naci\u00f3n. <\/p>\n","protected":false},"excerpt":{"rendered":"<p>Se llev\u00f3 a cabo en CABA el 50\u00b0 Congreso Nacional de la Federaci\u00f3n Argentina de Periodistas Deportivos y por ser parte del mismo el C\u00edrculo de nuestra ciudad estuvo representado por Rom\u00e1n Baca y Jorge P\u00e9rez. Se llev\u00f3 un reconocimiento Jorge Alberto Bolla, quien posee una destacada trayectoria en los medios de la ciudad de [&hellip;]<\/p>\n","protected":false},"author":4,"featured_media":42881,"comment_status":"open","ping_status":"closed","sticky":false,"template":"","format":"standard","meta":{"om_disable_all_campaigns":false,"_jetpack_memberships_contains_paid_content":false,"footnotes":""},"categories":[5],"tags":[],"class_list":["post-42878","post","type-post","status-publish","format-standard","has-post-thumbnail","hentry","category-deportes"],"aioseo_notices":[],"gutentor_comment":0,"jetpack_featured_media_url":"https:\/\/eldiariodesanpedro.com.ar\/sitio\/wp-content\/uploads\/2018\/11\/foto-2-02-11-18-jorge_bolla.jpg","jetpack_shortlink":"https:\/\/wp.me\/p6RhLt-b9A","jetpack_sharing_enabled":true,"_links":{"self":[{"href":"https:\/\/eldiariodesanpedro.com.ar\/sitio\/wp-json\/wp\/v2\/posts\/42878","targetHints":{"allow":["GET"]}}],"collection":[{"href":"https:\/\/eldiariodesanpedro.com.ar\/sitio\/wp-json\/wp\/v2\/posts"}],"about":[{"href":"https:\/\/eldiariodesanpedro.com.ar\/sitio\/wp-json\/wp\/v2\/types\/post"}],"author":[{"embeddable":true,"href":"https:\/\/eldiariodesanpedro.com.ar\/sitio\/wp-json\/wp\/v2\/users\/4"}],"replies":[{"embeddable":true,"href":"https:\/\/eldiariodesanpedro.com.ar\/sitio\/wp-json\/wp\/v2\/comments?post=42878"}],"version-history":[{"count":1,"href":"https:\/\/eldiariodesanpedro.com.ar\/sitio\/wp-json\/wp\/v2\/posts\/42878\/revisions"}],"predecessor-version":[{"id":42883,"href":"https:\/\/eldiariodesanpedro.com.ar\/sitio\/wp-json\/wp\/v2\/posts\/42878\/revisions\/42883"}],"wp:featuredmedia":[{"embeddable":true,"href":"https:\/\/eldiariodesanpedro.com.ar\/sitio\/wp-json\/wp\/v2\/media\/42881"}],"wp:attachment":[{"href":"https:\/\/eldiariodesanpedro.com.ar\/sitio\/wp-json\/wp\/v2\/media?parent=42878"}],"wp:term":[{"taxonomy":"category","embeddable":true,"href":"https:\/\/eldiariodesanpedro.com.ar\/sitio\/wp-json\/wp\/v2\/categories?post=42878"},{"taxonomy":"post_tag","embeddable":true,"href":"https:\/\/eldiariodesanpedro.com.ar\/sitio\/wp-json\/wp\/v2\/tags?post=42878"}],"curies":[{"name":"wp","href":"https:\/\/api.w.org\/{rel}","templated":true}]}}