{"id":42873,"date":"2018-11-01T20:39:25","date_gmt":"2018-11-01T23:39:25","guid":{"rendered":"https:\/\/eldiariodesanpedro.com.ar\/sitio\/?p=42873"},"modified":"2018-11-01T20:39:25","modified_gmt":"2018-11-01T23:39:25","slug":"baradero-contenedores-nuevos-vienen-a-suplir-las-perdidas-de-los-anteriores","status":"publish","type":"post","link":"https:\/\/eldiariodesanpedro.com.ar\/sitio\/baradero-contenedores-nuevos-vienen-a-suplir-las-perdidas-de-los-anteriores\/","title":{"rendered":"BARADERO Contenedores nuevos: \u201cVienen a suplir las p\u00e9rdidas de los anteriores"},"content":{"rendered":"<p><!-- VideographyWP Plugin Message: Automatic video embedding prevented by plugin options. --><br \/>\nEn un programa de radio de la ma\u00f1ana de LS2 FM BARADERO 96.9, el Director de Gesti\u00f3n Ambiental del Municipio hizo referencia sobre la llegada de 70 contenedores de residuos de 1100 litros de capacidad cada uno. A estos se le suman 14 recipientes pl\u00e1sticos de 120 litros para higiene urbana que tambi\u00e9n llegaron este jueves. Adem\u00e1s, en la nota abord\u00f3 la situaci\u00f3n de la basura en nuestra ciudad.<\/p>\n<p>  \u201cEra una materia pendiente, fue un pedido que se hizo a la gente de compras\u201d<br \/>\n  \u201cVan a ser distribuidos para mejorar todo lo que tiene que ver con gesti\u00f3n integral de residuos s\u00f3lidos urbanos\u201d<br \/>\n  \u201cVan a paliar las lamentables p\u00e9rdidas que se han sufrido y en otros casos vienen a cubrir nuevas \u00e1reas\u201d.<br \/>\n  \u201cLa idea es controlarlo con las c\u00e1maras de seguridad y la gente tiene que tener conciencia que esto es un bien p\u00fablico y tiene un costo\u201d.<\/p>\n<p>Fuente: Baradero Hoy<\/p>\n","protected":false},"excerpt":{"rendered":"<p>En un programa de radio de la ma\u00f1ana de LS2 FM BARADERO 96.9, el Director de Gesti\u00f3n Ambiental del Municipio hizo referencia sobre la llegada de 70 contenedores de residuos de 1100 litros de capacidad cada uno. A estos se le suman 14 recipientes pl\u00e1sticos de 120 litros para higiene urbana que tambi\u00e9n llegaron este [&hellip;]<\/p>\n","protected":false},"author":4,"featured_media":42877,"comment_status":"open","ping_status":"closed","sticky":false,"template":"","format":"standard","meta":{"om_disable_all_campaigns":false,"_jetpack_memberships_contains_paid_content":false,"footnotes":""},"categories":[621],"tags":[],"class_list":["post-42873","post","type-post","status-publish","format-standard","has-post-thumbnail","hentry","category-regionales"],"aioseo_notices":[],"gutentor_comment":0,"jetpack_featured_media_url":"https:\/\/eldiariodesanpedro.com.ar\/sitio\/wp-content\/uploads\/2018\/11\/baradero-contenedores-nuevos.jpg","jetpack_shortlink":"https:\/\/wp.me\/p6RhLt-b9v","jetpack_sharing_enabled":true,"_links":{"self":[{"href":"https:\/\/eldiariodesanpedro.com.ar\/sitio\/wp-json\/wp\/v2\/posts\/42873","targetHints":{"allow":["GET"]}}],"collection":[{"href":"https:\/\/eldiariodesanpedro.com.ar\/sitio\/wp-json\/wp\/v2\/posts"}],"about":[{"href":"https:\/\/eldiariodesanpedro.com.ar\/sitio\/wp-json\/wp\/v2\/types\/post"}],"author":[{"embeddable":true,"href":"https:\/\/eldiariodesanpedro.com.ar\/sitio\/wp-json\/wp\/v2\/users\/4"}],"replies":[{"embeddable":true,"href":"https:\/\/eldiariodesanpedro.com.ar\/sitio\/wp-json\/wp\/v2\/comments?post=42873"}],"version-history":[{"count":1,"href":"https:\/\/eldiariodesanpedro.com.ar\/sitio\/wp-json\/wp\/v2\/posts\/42873\/revisions"}],"predecessor-version":[{"id":42879,"href":"https:\/\/eldiariodesanpedro.com.ar\/sitio\/wp-json\/wp\/v2\/posts\/42873\/revisions\/42879"}],"wp:featuredmedia":[{"embeddable":true,"href":"https:\/\/eldiariodesanpedro.com.ar\/sitio\/wp-json\/wp\/v2\/media\/42877"}],"wp:attachment":[{"href":"https:\/\/eldiariodesanpedro.com.ar\/sitio\/wp-json\/wp\/v2\/media?parent=42873"}],"wp:term":[{"taxonomy":"category","embeddable":true,"href":"https:\/\/eldiariodesanpedro.com.ar\/sitio\/wp-json\/wp\/v2\/categories?post=42873"},{"taxonomy":"post_tag","embeddable":true,"href":"https:\/\/eldiariodesanpedro.com.ar\/sitio\/wp-json\/wp\/v2\/tags?post=42873"}],"curies":[{"name":"wp","href":"https:\/\/api.w.org\/{rel}","templated":true}]}}