{"id":42867,"date":"2018-11-01T20:34:29","date_gmt":"2018-11-01T23:34:29","guid":{"rendered":"https:\/\/eldiariodesanpedro.com.ar\/sitio\/?p=42867"},"modified":"2018-11-01T20:34:29","modified_gmt":"2018-11-01T23:34:29","slug":"arrecifes-entrega-de-500-libros-a-establecimientos-educativos-del-distrito","status":"publish","type":"post","link":"https:\/\/eldiariodesanpedro.com.ar\/sitio\/arrecifes-entrega-de-500-libros-a-establecimientos-educativos-del-distrito\/","title":{"rendered":"ARRECIFES: Entrega de 500 libros a establecimientos educativos del distrito"},"content":{"rendered":"<p><!-- VideographyWP Plugin Message: Automatic video embedding prevented by plugin options. --><br \/>\nEl pasado martes por la ma\u00f1ana la direcci\u00f3n de Cultura y Educaci\u00f3n de la Municipalidad de Arrecifes hizo entrega en el Centro Cultural de libros a establecimientos educativos del distrito.<\/p>\n<p>  El material recibido fue enviado por la subsecretar\u00eda de Relaciones Municipales del Ministerio del Interior de la Naci\u00f3n y responde a la ejecuci\u00f3n de pol\u00edticas p\u00fablicas destinadas a asistir a los municipios, en esta oportunidad dando cumplimiento al Acta Acuerdo celebrado con el Archivo General de la Naci\u00f3n para transferencia de material bibliogr\u00e1fico a bibliotecas municipales y de escuelas.<br \/>\n  Un total de 500 libros fueron repartidos y entregados a 17 escuelas primarias y secundarias y la Biblioteca P\u00fablica de Arrecifes.<\/p>\n<p>Fuente: Arrecifes Noticias<\/p>\n","protected":false},"excerpt":{"rendered":"<p>El pasado martes por la ma\u00f1ana la direcci\u00f3n de Cultura y Educaci\u00f3n de la Municipalidad de Arrecifes hizo entrega en el Centro Cultural de libros a establecimientos educativos del distrito. El material recibido fue enviado por la subsecretar\u00eda de Relaciones Municipales del Ministerio del Interior de la Naci\u00f3n y responde a la ejecuci\u00f3n de pol\u00edticas [&hellip;]<\/p>\n","protected":false},"author":4,"featured_media":42868,"comment_status":"open","ping_status":"closed","sticky":false,"template":"","format":"standard","meta":{"om_disable_all_campaigns":false,"_jetpack_memberships_contains_paid_content":false,"footnotes":""},"categories":[621],"tags":[],"class_list":["post-42867","post","type-post","status-publish","format-standard","has-post-thumbnail","hentry","category-regionales"],"aioseo_notices":[],"gutentor_comment":0,"jetpack_featured_media_url":"https:\/\/eldiariodesanpedro.com.ar\/sitio\/wp-content\/uploads\/2018\/11\/arrecifes-entrga-de-libros.jpg","jetpack_shortlink":"https:\/\/wp.me\/p6RhLt-b9p","jetpack_sharing_enabled":true,"_links":{"self":[{"href":"https:\/\/eldiariodesanpedro.com.ar\/sitio\/wp-json\/wp\/v2\/posts\/42867","targetHints":{"allow":["GET"]}}],"collection":[{"href":"https:\/\/eldiariodesanpedro.com.ar\/sitio\/wp-json\/wp\/v2\/posts"}],"about":[{"href":"https:\/\/eldiariodesanpedro.com.ar\/sitio\/wp-json\/wp\/v2\/types\/post"}],"author":[{"embeddable":true,"href":"https:\/\/eldiariodesanpedro.com.ar\/sitio\/wp-json\/wp\/v2\/users\/4"}],"replies":[{"embeddable":true,"href":"https:\/\/eldiariodesanpedro.com.ar\/sitio\/wp-json\/wp\/v2\/comments?post=42867"}],"version-history":[{"count":1,"href":"https:\/\/eldiariodesanpedro.com.ar\/sitio\/wp-json\/wp\/v2\/posts\/42867\/revisions"}],"predecessor-version":[{"id":42869,"href":"https:\/\/eldiariodesanpedro.com.ar\/sitio\/wp-json\/wp\/v2\/posts\/42867\/revisions\/42869"}],"wp:featuredmedia":[{"embeddable":true,"href":"https:\/\/eldiariodesanpedro.com.ar\/sitio\/wp-json\/wp\/v2\/media\/42868"}],"wp:attachment":[{"href":"https:\/\/eldiariodesanpedro.com.ar\/sitio\/wp-json\/wp\/v2\/media?parent=42867"}],"wp:term":[{"taxonomy":"category","embeddable":true,"href":"https:\/\/eldiariodesanpedro.com.ar\/sitio\/wp-json\/wp\/v2\/categories?post=42867"},{"taxonomy":"post_tag","embeddable":true,"href":"https:\/\/eldiariodesanpedro.com.ar\/sitio\/wp-json\/wp\/v2\/tags?post=42867"}],"curies":[{"name":"wp","href":"https:\/\/api.w.org\/{rel}","templated":true}]}}