{"id":42862,"date":"2018-11-01T20:32:56","date_gmt":"2018-11-01T23:32:56","guid":{"rendered":"https:\/\/eldiariodesanpedro.com.ar\/sitio\/?p=42862"},"modified":"2018-11-01T20:32:56","modified_gmt":"2018-11-01T23:32:56","slug":"campana-manejaba-drogado-por-panamericana-campana-y-ademas-transportaba-estupefacientes","status":"publish","type":"post","link":"https:\/\/eldiariodesanpedro.com.ar\/sitio\/campana-manejaba-drogado-por-panamericana-campana-y-ademas-transportaba-estupefacientes\/","title":{"rendered":"CAMPANA: Manejaba drogado por Panamericana Campana y, adem\u00e1s, transportaba estupefacientes"},"content":{"rendered":"<p><!-- VideographyWP Plugin Message: Automatic video embedding prevented by plugin options. --><br \/>\nUn hombre mayor de edad que conduc\u00eda su veh\u00edculo por Panamericana Campana fue aprehendido ayer por la tarde por el Comando de Patrulla, luego que se detuviera en distintos lugares cercanos a La Josefa, Mc Donald\u00b4s y finalmente en el KM 70 mano a CABA, fue revisado y se le encontraron estupefacientes y dinero efectivo dentro del veh\u00edculo.<\/p>\n<p>  Con un \u2018panic attack\u2019 el sujeto, a\u00fan con las esposas puestas, se arrodillaba y buscaba a la persona que lo acompa\u00f1aba debajo del autom\u00f3vil. Fue revisado y trasladado con la compa\u00f1\u00eda de una autoridad policial en una ambulancia del SAME quien primeramente asisti\u00f3 al aprehendido.<br \/>\n  Al parecer el sujeto, oriundo de San Isidro, estuvo en un bar de la zona y luego sali\u00f3 con destino a su domicilio, pero en el camino se dio cuenta que no ve\u00eda a su amigo y comenz\u00f3 a buscarlo por todo el interior de su auto.<br \/>\n  \u00bfHabr\u00e1 sido v\u00edctima de alguna abducci\u00f3n? Un tema que deber\u00e1 investigar personal calificado luego de las pericias m\u00e9dicas adecuadas.<br \/>\n  El hombre llevar\u00eda mucho dinero en efectivo en pesos argentinos y en d\u00f3lares.<\/p>\n<p>Fuente: Campana Argentina<\/p>\n","protected":false},"excerpt":{"rendered":"<p>Un hombre mayor de edad que conduc\u00eda su veh\u00edculo por Panamericana Campana fue aprehendido ayer por la tarde por el Comando de Patrulla, luego que se detuviera en distintos lugares cercanos a La Josefa, Mc Donald\u00b4s y finalmente en el KM 70 mano a CABA, fue revisado y se le encontraron estupefacientes y dinero efectivo [&hellip;]<\/p>\n","protected":false},"author":4,"featured_media":42864,"comment_status":"open","ping_status":"closed","sticky":false,"template":"","format":"standard","meta":{"om_disable_all_campaigns":false,"_jetpack_memberships_contains_paid_content":false,"footnotes":""},"categories":[621],"tags":[],"class_list":["post-42862","post","type-post","status-publish","format-standard","has-post-thumbnail","hentry","category-regionales"],"aioseo_notices":[],"gutentor_comment":0,"jetpack_featured_media_url":"https:\/\/eldiariodesanpedro.com.ar\/sitio\/wp-content\/uploads\/2018\/11\/Manejaba-drogado-por-Panamericana-Campana-y-adem\u00e1s-transportaba-estupefacientes.jpg","jetpack_shortlink":"https:\/\/wp.me\/p6RhLt-b9k","jetpack_sharing_enabled":true,"_links":{"self":[{"href":"https:\/\/eldiariodesanpedro.com.ar\/sitio\/wp-json\/wp\/v2\/posts\/42862","targetHints":{"allow":["GET"]}}],"collection":[{"href":"https:\/\/eldiariodesanpedro.com.ar\/sitio\/wp-json\/wp\/v2\/posts"}],"about":[{"href":"https:\/\/eldiariodesanpedro.com.ar\/sitio\/wp-json\/wp\/v2\/types\/post"}],"author":[{"embeddable":true,"href":"https:\/\/eldiariodesanpedro.com.ar\/sitio\/wp-json\/wp\/v2\/users\/4"}],"replies":[{"embeddable":true,"href":"https:\/\/eldiariodesanpedro.com.ar\/sitio\/wp-json\/wp\/v2\/comments?post=42862"}],"version-history":[{"count":1,"href":"https:\/\/eldiariodesanpedro.com.ar\/sitio\/wp-json\/wp\/v2\/posts\/42862\/revisions"}],"predecessor-version":[{"id":42866,"href":"https:\/\/eldiariodesanpedro.com.ar\/sitio\/wp-json\/wp\/v2\/posts\/42862\/revisions\/42866"}],"wp:featuredmedia":[{"embeddable":true,"href":"https:\/\/eldiariodesanpedro.com.ar\/sitio\/wp-json\/wp\/v2\/media\/42864"}],"wp:attachment":[{"href":"https:\/\/eldiariodesanpedro.com.ar\/sitio\/wp-json\/wp\/v2\/media?parent=42862"}],"wp:term":[{"taxonomy":"category","embeddable":true,"href":"https:\/\/eldiariodesanpedro.com.ar\/sitio\/wp-json\/wp\/v2\/categories?post=42862"},{"taxonomy":"post_tag","embeddable":true,"href":"https:\/\/eldiariodesanpedro.com.ar\/sitio\/wp-json\/wp\/v2\/tags?post=42862"}],"curies":[{"name":"wp","href":"https:\/\/api.w.org\/{rel}","templated":true}]}}