{"id":42848,"date":"2018-11-01T19:47:03","date_gmt":"2018-11-01T22:47:03","guid":{"rendered":"https:\/\/eldiariodesanpedro.com.ar\/sitio\/?p=42848"},"modified":"2018-11-01T19:47:03","modified_gmt":"2018-11-01T22:47:03","slug":"una-foto-de-san-pedro-distinguida-en-un-concurso-de-uthgra","status":"publish","type":"post","link":"https:\/\/eldiariodesanpedro.com.ar\/sitio\/una-foto-de-san-pedro-distinguida-en-un-concurso-de-uthgra\/","title":{"rendered":"Una foto de San Pedro distinguida en un concurso de UTHGRA"},"content":{"rendered":"<p><!-- VideographyWP Plugin Message: Automatic video embedding prevented by plugin options. --><br \/>\nLa UTHGRA organiz\u00f3 entre todas sus filiales un concurso de fotograf\u00edas tomadas con c\u00e1maras de celulares con la participaci\u00f3n de im\u00e1genes de diferentes puntos del pa\u00eds. La campa\u00f1a \u00abRecorremos la Argentina\u00bb recibi\u00f3 participaciones de afiliados o miembros de los grupos familiares durante todo el mes de agosto. <\/p>\n<p>Participaron 87 fotograf\u00edas de 407 participantes de todo el pa\u00eds. El jurado lo integraron Carina Onorato Directora de Comunicaci\u00f3n del Fondo Nacional de las Artes, Jorge M\u00f3naco Director de la Escuela Nacional de Fotograf\u00eda y el artista digital Alejandro Bondone.<\/p>\n<p>La captura presentada por Mat\u00edas Roberto Mar\u00fa, representante de San Pedro como miembros de la filial San Nicol\u00e1s, tomada sobre los rieles del ferrocarril en el T\u00fanel Verde del Paraje Beladrich obtuvo la primera menci\u00f3n.<\/p>\n<p><img decoding=\"async\" data-attachment-id=\"42850\" data-permalink=\"https:\/\/eldiariodesanpedro.com.ar\/sitio\/una-foto-de-san-pedro-distinguida-en-un-concurso-de-uthgra\/pastedimage-62\/\" data-orig-file=\"https:\/\/eldiariodesanpedro.com.ar\/sitio\/wp-content\/uploads\/2018\/11\/pastedImage.png\" data-orig-size=\"606,778\" data-comments-opened=\"1\" data-image-meta=\"{&quot;aperture&quot;:&quot;0&quot;,&quot;credit&quot;:&quot;&quot;,&quot;camera&quot;:&quot;&quot;,&quot;caption&quot;:&quot;&quot;,&quot;created_timestamp&quot;:&quot;0&quot;,&quot;copyright&quot;:&quot;&quot;,&quot;focal_length&quot;:&quot;0&quot;,&quot;iso&quot;:&quot;0&quot;,&quot;shutter_speed&quot;:&quot;0&quot;,&quot;title&quot;:&quot;&quot;,&quot;orientation&quot;:&quot;0&quot;}\" data-image-title=\"pastedImage\" data-image-description=\"\" data-image-caption=\"\" data-large-file=\"https:\/\/eldiariodesanpedro.com.ar\/sitio\/wp-content\/uploads\/2018\/11\/pastedImage.png\" data-src=\"https:\/\/eldiariodesanpedro.com.ar\/sitio\/wp-content\/uploads\/2018\/11\/pastedImage.png\" alt=\"\" width=\"606\" height=\"778\" class=\"alignnone size-full wp-image-42850 lazyload\" data-srcset=\"https:\/\/eldiariodesanpedro.com.ar\/sitio\/wp-content\/uploads\/2018\/11\/pastedImage.png 606w, https:\/\/eldiariodesanpedro.com.ar\/sitio\/wp-content\/uploads\/2018\/11\/pastedImage-234x300.png 234w\" data-sizes=\"(max-width: 606px) 100vw, 606px\" src=\"data:image\/svg+xml;base64,PHN2ZyB3aWR0aD0iMSIgaGVpZ2h0PSIxIiB4bWxucz0iaHR0cDovL3d3dy53My5vcmcvMjAwMC9zdmciPjwvc3ZnPg==\" style=\"--smush-placeholder-width: 606px; --smush-placeholder-aspect-ratio: 606\/778;\" \/><\/p>\n","protected":false},"excerpt":{"rendered":"<p>La UTHGRA organiz\u00f3 entre todas sus filiales un concurso de fotograf\u00edas tomadas con c\u00e1maras de celulares con la participaci\u00f3n de im\u00e1genes de diferentes puntos del pa\u00eds. La campa\u00f1a \u00abRecorremos la Argentina\u00bb recibi\u00f3 participaciones de afiliados o miembros de los grupos familiares durante todo el mes de agosto. Participaron 87 fotograf\u00edas de 407 participantes de todo [&hellip;]<\/p>\n","protected":false},"author":4,"featured_media":42849,"comment_status":"open","ping_status":"closed","sticky":false,"template":"","format":"standard","meta":{"om_disable_all_campaigns":false,"_jetpack_memberships_contains_paid_content":false,"footnotes":""},"categories":[101,2],"tags":[],"class_list":["post-42848","post","type-post","status-publish","format-standard","has-post-thumbnail","hentry","category-interes-general-locales","category-locales"],"aioseo_notices":[],"gutentor_comment":0,"jetpack_featured_media_url":"https:\/\/eldiariodesanpedro.com.ar\/sitio\/wp-content\/uploads\/2018\/11\/pastedImage-2.png","jetpack_shortlink":"https:\/\/wp.me\/p6RhLt-b96","jetpack_sharing_enabled":true,"_links":{"self":[{"href":"https:\/\/eldiariodesanpedro.com.ar\/sitio\/wp-json\/wp\/v2\/posts\/42848","targetHints":{"allow":["GET"]}}],"collection":[{"href":"https:\/\/eldiariodesanpedro.com.ar\/sitio\/wp-json\/wp\/v2\/posts"}],"about":[{"href":"https:\/\/eldiariodesanpedro.com.ar\/sitio\/wp-json\/wp\/v2\/types\/post"}],"author":[{"embeddable":true,"href":"https:\/\/eldiariodesanpedro.com.ar\/sitio\/wp-json\/wp\/v2\/users\/4"}],"replies":[{"embeddable":true,"href":"https:\/\/eldiariodesanpedro.com.ar\/sitio\/wp-json\/wp\/v2\/comments?post=42848"}],"version-history":[{"count":1,"href":"https:\/\/eldiariodesanpedro.com.ar\/sitio\/wp-json\/wp\/v2\/posts\/42848\/revisions"}],"predecessor-version":[{"id":42851,"href":"https:\/\/eldiariodesanpedro.com.ar\/sitio\/wp-json\/wp\/v2\/posts\/42848\/revisions\/42851"}],"wp:featuredmedia":[{"embeddable":true,"href":"https:\/\/eldiariodesanpedro.com.ar\/sitio\/wp-json\/wp\/v2\/media\/42849"}],"wp:attachment":[{"href":"https:\/\/eldiariodesanpedro.com.ar\/sitio\/wp-json\/wp\/v2\/media?parent=42848"}],"wp:term":[{"taxonomy":"category","embeddable":true,"href":"https:\/\/eldiariodesanpedro.com.ar\/sitio\/wp-json\/wp\/v2\/categories?post=42848"},{"taxonomy":"post_tag","embeddable":true,"href":"https:\/\/eldiariodesanpedro.com.ar\/sitio\/wp-json\/wp\/v2\/tags?post=42848"}],"curies":[{"name":"wp","href":"https:\/\/api.w.org\/{rel}","templated":true}]}}