{"id":42847,"date":"2018-11-01T20:05:24","date_gmt":"2018-11-01T23:05:24","guid":{"rendered":"https:\/\/eldiariodesanpedro.com.ar\/sitio\/?p=42847"},"modified":"2018-11-01T20:13:49","modified_gmt":"2018-11-01T23:13:49","slug":"lisandro-bonelli-entrego-subsidios-a-instituciones-de-nuestra-ciudad","status":"publish","type":"post","link":"https:\/\/eldiariodesanpedro.com.ar\/sitio\/lisandro-bonelli-entrego-subsidios-a-instituciones-de-nuestra-ciudad\/","title":{"rendered":"Lisandro Bonelli entrego subsidios a instituciones de nuestra ciudad"},"content":{"rendered":"<p><!-- VideographyWP Plugin Message: Automatic video embedding prevented by plugin options. --><br \/>\nEl diputado Provincial del Frente Renovador, Lisandro Bonelli que responde a Sergio Massa,  uno de los pocos massistas que logr\u00f3 renovar su banca en 2017, visito nuestra ciudad para la entrega de subsidios a tres Instituciones que le dan servicio a la comunidad.<\/p>\n<p>Bomberos Voluntarios y Casa de Ancianos fueron las elegidas,y el Comedor \u00abNuestros Ni\u00f1os\u00bb en la localidad vecina de Santa Lucia. <\/p>\n<p>El Diputado empez\u00f3 a caminar los distritos de la segunda secci\u00f3n electoral con el objetivo de instalar un candidato que siga su l\u00ednea pol\u00edtica. Esta tarde se lo vio acompa\u00f1ado del ex concejal Ariel Ramanzini, quien perdi\u00f3 su banca en las ultimas elecciones electorales y junto al actual concejal Jose Luis Tirelli.<\/p>\n<p>Primeramente llegaron al cuartel de Bomberos donde el Diputado se mostr\u00f3 contento recorriendo cada rinc\u00f3n de la misma e incluso prob\u00e1ndose la ropa con la que acuden a sus emergencias y con muchas ganas de unirse al equipo. Escucho muy atento a cada uno que lo acompa\u00f1o de la Intitucion contando su historia, como se manejan, lo que necesitan y tambi\u00e9n el mismo hizo sus propias preguntas.<\/p>\n<p>Al terminar el recorrido dio una peque\u00f1a entrevista a los medios presentes: \u00ablos recursos son pocos pero tratamos de estar siempre, ayudando, estamos priorizando instituciones que se brindan a la comunidad, para todos los argentinos la situaci\u00f3n no es nada f\u00e1cil, estamos todos sufriendo las malas pol\u00edticas econ\u00f3micas, con el esfuerzo permanente es como se sale adelante\u00bb.<\/p>\n<p>Finalmente nos conto como esta trabajando el Frente Renovador: \u00abfalta mucho tiempo para las elecciones, no quiero hablar de candidatura, es apresurado y una falta de respeto para la gente que no la esta pasando bien, pero si estoy convencido que hay que construir una alternativa que le de un futuro y una esperanza a los argentinos\u00bb.<\/p>\n<div data-carousel-extra='{&quot;blog_id&quot;:1,&quot;permalink&quot;:&quot;https:\/\/eldiariodesanpedro.com.ar\/sitio\/lisandro-bonelli-entrego-subsidios-a-instituciones-de-nuestra-ciudad\/&quot;}' id='gallery-1' class='gallery galleryid-42847 gallery-columns-3 gallery-size-large'><figure class='gallery-item'>\n\t\t\t<div class='gallery-icon landscape'>\n\t\t\t\t<a href='https:\/\/eldiariodesanpedro.com.ar\/sitio\/wp-content\/uploads\/2018\/11\/45163612_1282919185181884_3218479106702180352_n.jpg'><img decoding=\"async\" width=\"640\" height=\"427\" data-src=\"https:\/\/eldiariodesanpedro.com.ar\/sitio\/wp-content\/uploads\/2018\/11\/45163612_1282919185181884_3218479106702180352_n-1024x683.jpg\" class=\"attachment-large size-large lazyload\" alt=\"El Diario de San Pedro | Noticias locales y regionales\" data-srcset=\"https:\/\/eldiariodesanpedro.com.ar\/sitio\/wp-content\/uploads\/2018\/11\/45163612_1282919185181884_3218479106702180352_n-1024x683.jpg 1024w, https:\/\/eldiariodesanpedro.com.ar\/sitio\/wp-content\/uploads\/2018\/11\/45163612_1282919185181884_3218479106702180352_n-300x200.jpg 300w, https:\/\/eldiariodesanpedro.com.ar\/sitio\/wp-content\/uploads\/2018\/11\/45163612_1282919185181884_3218479106702180352_n-768x512.jpg 768w\" data-sizes=\"(max-width: 640px) 100vw, 640px\" data-attachment-id=\"42854\" data-permalink=\"https:\/\/eldiariodesanpedro.com.ar\/sitio\/lisandro-bonelli-entrego-subsidios-a-instituciones-de-nuestra-ciudad\/45163612_1282919185181884_3218479106702180352_n\/\" data-orig-file=\"https:\/\/eldiariodesanpedro.com.ar\/sitio\/wp-content\/uploads\/2018\/11\/45163612_1282919185181884_3218479106702180352_n.jpg\" data-orig-size=\"4096,2730\" data-comments-opened=\"1\" data-image-meta=\"{&quot;aperture&quot;:&quot;0&quot;,&quot;credit&quot;:&quot;&quot;,&quot;camera&quot;:&quot;&quot;,&quot;caption&quot;:&quot;&quot;,&quot;created_timestamp&quot;:&quot;0&quot;,&quot;copyright&quot;:&quot;&quot;,&quot;focal_length&quot;:&quot;0&quot;,&quot;iso&quot;:&quot;0&quot;,&quot;shutter_speed&quot;:&quot;0&quot;,&quot;title&quot;:&quot;&quot;,&quot;orientation&quot;:&quot;0&quot;}\" data-image-title=\"45163612_1282919185181884_3218479106702180352_n\" data-image-description=\"\" data-image-caption=\"\" data-large-file=\"https:\/\/eldiariodesanpedro.com.ar\/sitio\/wp-content\/uploads\/2018\/11\/45163612_1282919185181884_3218479106702180352_n-1024x683.jpg\" src=\"data:image\/svg+xml;base64,PHN2ZyB3aWR0aD0iMSIgaGVpZ2h0PSIxIiB4bWxucz0iaHR0cDovL3d3dy53My5vcmcvMjAwMC9zdmciPjwvc3ZnPg==\" style=\"--smush-placeholder-width: 640px; --smush-placeholder-aspect-ratio: 640\/427;\" \/><\/a>\n\t\t\t<\/div><\/figure><figure class='gallery-item'>\n\t\t\t<div class='gallery-icon landscape'>\n\t\t\t\t<a href='https:\/\/eldiariodesanpedro.com.ar\/sitio\/wp-content\/uploads\/2018\/11\/45212742_1737542559707900_4852584222889607168_n.jpg'><img decoding=\"async\" width=\"640\" height=\"427\" data-src=\"https:\/\/eldiariodesanpedro.com.ar\/sitio\/wp-content\/uploads\/2018\/11\/45212742_1737542559707900_4852584222889607168_n-1024x683.jpg\" class=\"attachment-large size-large lazyload\" alt=\"El Diario de San Pedro | Noticias locales y regionales\" data-srcset=\"https:\/\/eldiariodesanpedro.com.ar\/sitio\/wp-content\/uploads\/2018\/11\/45212742_1737542559707900_4852584222889607168_n-1024x683.jpg 1024w, https:\/\/eldiariodesanpedro.com.ar\/sitio\/wp-content\/uploads\/2018\/11\/45212742_1737542559707900_4852584222889607168_n-300x200.jpg 300w, https:\/\/eldiariodesanpedro.com.ar\/sitio\/wp-content\/uploads\/2018\/11\/45212742_1737542559707900_4852584222889607168_n-768x512.jpg 768w\" data-sizes=\"(max-width: 640px) 100vw, 640px\" data-attachment-id=\"42856\" data-permalink=\"https:\/\/eldiariodesanpedro.com.ar\/sitio\/lisandro-bonelli-entrego-subsidios-a-instituciones-de-nuestra-ciudad\/45212742_1737542559707900_4852584222889607168_n\/\" data-orig-file=\"https:\/\/eldiariodesanpedro.com.ar\/sitio\/wp-content\/uploads\/2018\/11\/45212742_1737542559707900_4852584222889607168_n.jpg\" data-orig-size=\"4096,2730\" data-comments-opened=\"1\" data-image-meta=\"{&quot;aperture&quot;:&quot;0&quot;,&quot;credit&quot;:&quot;&quot;,&quot;camera&quot;:&quot;&quot;,&quot;caption&quot;:&quot;&quot;,&quot;created_timestamp&quot;:&quot;0&quot;,&quot;copyright&quot;:&quot;&quot;,&quot;focal_length&quot;:&quot;0&quot;,&quot;iso&quot;:&quot;0&quot;,&quot;shutter_speed&quot;:&quot;0&quot;,&quot;title&quot;:&quot;&quot;,&quot;orientation&quot;:&quot;0&quot;}\" data-image-title=\"45212742_1737542559707900_4852584222889607168_n\" data-image-description=\"\" data-image-caption=\"\" data-large-file=\"https:\/\/eldiariodesanpedro.com.ar\/sitio\/wp-content\/uploads\/2018\/11\/45212742_1737542559707900_4852584222889607168_n-1024x683.jpg\" src=\"data:image\/svg+xml;base64,PHN2ZyB3aWR0aD0iMSIgaGVpZ2h0PSIxIiB4bWxucz0iaHR0cDovL3d3dy53My5vcmcvMjAwMC9zdmciPjwvc3ZnPg==\" style=\"--smush-placeholder-width: 640px; --smush-placeholder-aspect-ratio: 640\/427;\" \/><\/a>\n\t\t\t<\/div><\/figure><figure class='gallery-item'>\n\t\t\t<div class='gallery-icon landscape'>\n\t\t\t\t<a href='https:\/\/eldiariodesanpedro.com.ar\/sitio\/wp-content\/uploads\/2018\/11\/44963635_2604229096268777_135362405503860736_n.jpg'><img decoding=\"async\" width=\"640\" height=\"427\" data-src=\"https:\/\/eldiariodesanpedro.com.ar\/sitio\/wp-content\/uploads\/2018\/11\/44963635_2604229096268777_135362405503860736_n-1024x683.jpg\" class=\"attachment-large size-large lazyload\" alt=\"El Diario de San Pedro | Noticias locales y regionales\" data-srcset=\"https:\/\/eldiariodesanpedro.com.ar\/sitio\/wp-content\/uploads\/2018\/11\/44963635_2604229096268777_135362405503860736_n-1024x683.jpg 1024w, https:\/\/eldiariodesanpedro.com.ar\/sitio\/wp-content\/uploads\/2018\/11\/44963635_2604229096268777_135362405503860736_n-300x200.jpg 300w, https:\/\/eldiariodesanpedro.com.ar\/sitio\/wp-content\/uploads\/2018\/11\/44963635_2604229096268777_135362405503860736_n-768x512.jpg 768w\" data-sizes=\"(max-width: 640px) 100vw, 640px\" data-attachment-id=\"42853\" data-permalink=\"https:\/\/eldiariodesanpedro.com.ar\/sitio\/lisandro-bonelli-entrego-subsidios-a-instituciones-de-nuestra-ciudad\/44963635_2604229096268777_135362405503860736_n\/\" data-orig-file=\"https:\/\/eldiariodesanpedro.com.ar\/sitio\/wp-content\/uploads\/2018\/11\/44963635_2604229096268777_135362405503860736_n.jpg\" data-orig-size=\"2250,1500\" data-comments-opened=\"1\" data-image-meta=\"{&quot;aperture&quot;:&quot;0&quot;,&quot;credit&quot;:&quot;&quot;,&quot;camera&quot;:&quot;&quot;,&quot;caption&quot;:&quot;&quot;,&quot;created_timestamp&quot;:&quot;0&quot;,&quot;copyright&quot;:&quot;&quot;,&quot;focal_length&quot;:&quot;0&quot;,&quot;iso&quot;:&quot;0&quot;,&quot;shutter_speed&quot;:&quot;0&quot;,&quot;title&quot;:&quot;&quot;,&quot;orientation&quot;:&quot;0&quot;}\" data-image-title=\"44963635_2604229096268777_135362405503860736_n\" data-image-description=\"\" data-image-caption=\"\" data-large-file=\"https:\/\/eldiariodesanpedro.com.ar\/sitio\/wp-content\/uploads\/2018\/11\/44963635_2604229096268777_135362405503860736_n-1024x683.jpg\" src=\"data:image\/svg+xml;base64,PHN2ZyB3aWR0aD0iMSIgaGVpZ2h0PSIxIiB4bWxucz0iaHR0cDovL3d3dy53My5vcmcvMjAwMC9zdmciPjwvc3ZnPg==\" style=\"--smush-placeholder-width: 640px; --smush-placeholder-aspect-ratio: 640\/427;\" \/><\/a>\n\t\t\t<\/div><\/figure><figure class='gallery-item'>\n\t\t\t<div class='gallery-icon landscape'>\n\t\t\t\t<a href='https:\/\/eldiariodesanpedro.com.ar\/sitio\/wp-content\/uploads\/2018\/11\/45226744_311598522899390_7866617650737053696_n.jpg'><img decoding=\"async\" width=\"640\" height=\"427\" data-src=\"https:\/\/eldiariodesanpedro.com.ar\/sitio\/wp-content\/uploads\/2018\/11\/45226744_311598522899390_7866617650737053696_n-1024x683.jpg\" class=\"attachment-large size-large lazyload\" alt=\"El Diario de San Pedro | Noticias locales y regionales\" data-srcset=\"https:\/\/eldiariodesanpedro.com.ar\/sitio\/wp-content\/uploads\/2018\/11\/45226744_311598522899390_7866617650737053696_n-1024x683.jpg 1024w, https:\/\/eldiariodesanpedro.com.ar\/sitio\/wp-content\/uploads\/2018\/11\/45226744_311598522899390_7866617650737053696_n-300x200.jpg 300w, https:\/\/eldiariodesanpedro.com.ar\/sitio\/wp-content\/uploads\/2018\/11\/45226744_311598522899390_7866617650737053696_n-768x512.jpg 768w\" data-sizes=\"(max-width: 640px) 100vw, 640px\" data-attachment-id=\"42857\" data-permalink=\"https:\/\/eldiariodesanpedro.com.ar\/sitio\/lisandro-bonelli-entrego-subsidios-a-instituciones-de-nuestra-ciudad\/45226744_311598522899390_7866617650737053696_n\/\" data-orig-file=\"https:\/\/eldiariodesanpedro.com.ar\/sitio\/wp-content\/uploads\/2018\/11\/45226744_311598522899390_7866617650737053696_n.jpg\" data-orig-size=\"2250,1500\" data-comments-opened=\"1\" data-image-meta=\"{&quot;aperture&quot;:&quot;0&quot;,&quot;credit&quot;:&quot;&quot;,&quot;camera&quot;:&quot;&quot;,&quot;caption&quot;:&quot;&quot;,&quot;created_timestamp&quot;:&quot;0&quot;,&quot;copyright&quot;:&quot;&quot;,&quot;focal_length&quot;:&quot;0&quot;,&quot;iso&quot;:&quot;0&quot;,&quot;shutter_speed&quot;:&quot;0&quot;,&quot;title&quot;:&quot;&quot;,&quot;orientation&quot;:&quot;0&quot;}\" data-image-title=\"45226744_311598522899390_7866617650737053696_n\" data-image-description=\"\" data-image-caption=\"\" data-large-file=\"https:\/\/eldiariodesanpedro.com.ar\/sitio\/wp-content\/uploads\/2018\/11\/45226744_311598522899390_7866617650737053696_n-1024x683.jpg\" src=\"data:image\/svg+xml;base64,PHN2ZyB3aWR0aD0iMSIgaGVpZ2h0PSIxIiB4bWxucz0iaHR0cDovL3d3dy53My5vcmcvMjAwMC9zdmciPjwvc3ZnPg==\" style=\"--smush-placeholder-width: 640px; --smush-placeholder-aspect-ratio: 640\/427;\" \/><\/a>\n\t\t\t<\/div><\/figure>\n\t\t<\/div>\n\n","protected":false},"excerpt":{"rendered":"<p>El diputado Provincial del Frente Renovador, Lisandro Bonelli que responde a Sergio Massa, uno de los pocos massistas que logr\u00f3 renovar su banca en 2017, visito nuestra ciudad para la entrega de subsidios a tres Instituciones que le dan servicio a la comunidad. Bomberos Voluntarios y Casa de Ancianos fueron las elegidas,y el Comedor \u00abNuestros [&hellip;]<\/p>\n","protected":false},"author":4,"featured_media":42856,"comment_status":"open","ping_status":"closed","sticky":false,"template":"","format":"standard","meta":{"om_disable_all_campaigns":false,"_jetpack_memberships_contains_paid_content":false,"footnotes":""},"categories":[50,101,2],"tags":[],"class_list":["post-42847","post","type-post","status-publish","format-standard","has-post-thumbnail","hentry","category-destacadas","category-interes-general-locales","category-locales"],"aioseo_notices":[],"gutentor_comment":0,"jetpack_featured_media_url":"https:\/\/eldiariodesanpedro.com.ar\/sitio\/wp-content\/uploads\/2018\/11\/45212742_1737542559707900_4852584222889607168_n.jpg","jetpack_shortlink":"https:\/\/wp.me\/p6RhLt-b95","jetpack_sharing_enabled":true,"_links":{"self":[{"href":"https:\/\/eldiariodesanpedro.com.ar\/sitio\/wp-json\/wp\/v2\/posts\/42847","targetHints":{"allow":["GET"]}}],"collection":[{"href":"https:\/\/eldiariodesanpedro.com.ar\/sitio\/wp-json\/wp\/v2\/posts"}],"about":[{"href":"https:\/\/eldiariodesanpedro.com.ar\/sitio\/wp-json\/wp\/v2\/types\/post"}],"author":[{"embeddable":true,"href":"https:\/\/eldiariodesanpedro.com.ar\/sitio\/wp-json\/wp\/v2\/users\/4"}],"replies":[{"embeddable":true,"href":"https:\/\/eldiariodesanpedro.com.ar\/sitio\/wp-json\/wp\/v2\/comments?post=42847"}],"version-history":[{"count":3,"href":"https:\/\/eldiariodesanpedro.com.ar\/sitio\/wp-json\/wp\/v2\/posts\/42847\/revisions"}],"predecessor-version":[{"id":42860,"href":"https:\/\/eldiariodesanpedro.com.ar\/sitio\/wp-json\/wp\/v2\/posts\/42847\/revisions\/42860"}],"wp:featuredmedia":[{"embeddable":true,"href":"https:\/\/eldiariodesanpedro.com.ar\/sitio\/wp-json\/wp\/v2\/media\/42856"}],"wp:attachment":[{"href":"https:\/\/eldiariodesanpedro.com.ar\/sitio\/wp-json\/wp\/v2\/media?parent=42847"}],"wp:term":[{"taxonomy":"category","embeddable":true,"href":"https:\/\/eldiariodesanpedro.com.ar\/sitio\/wp-json\/wp\/v2\/categories?post=42847"},{"taxonomy":"post_tag","embeddable":true,"href":"https:\/\/eldiariodesanpedro.com.ar\/sitio\/wp-json\/wp\/v2\/tags?post=42847"}],"curies":[{"name":"wp","href":"https:\/\/api.w.org\/{rel}","templated":true}]}}