{"id":42836,"date":"2018-11-01T15:50:28","date_gmt":"2018-11-01T18:50:28","guid":{"rendered":"https:\/\/eldiariodesanpedro.com.ar\/sitio\/?p=42836"},"modified":"2018-11-01T15:50:28","modified_gmt":"2018-11-01T18:50:28","slug":"encuentro-de-exposiciones-de-investigaciones-historicas-en-la-biblioteca-rafael-obligado","status":"publish","type":"post","link":"https:\/\/eldiariodesanpedro.com.ar\/sitio\/encuentro-de-exposiciones-de-investigaciones-historicas-en-la-biblioteca-rafael-obligado\/","title":{"rendered":"Encuentro de exposiciones de investigaciones hist\u00f3ricas en la Biblioteca Rafael Obligado"},"content":{"rendered":"<p><!-- VideographyWP Plugin Message: Automatic video embedding prevented by plugin options. --><br \/>\nEl s\u00e1bado 3 de Noviembre, a las 19, en la Biblioteca Popular Rafael Obligado, se desarrollar\u00e1 el segundo encuentro de exposiciones de investigaciones hist\u00f3ricas.<br \/>\nLa actividad tendr\u00e1 entrada libre y gratuita.<\/p>\n<p>Se expondr\u00e1n dos tesis del profesorado en Historia del Instituto de Formaci\u00f3n Docente N\u00b0 115, \u00abMarcos Sastre\u00bb:<br \/>\n1- Los Mallorquines en la formaci\u00f3n de la identidad sampedrina, por la profesora Evelyn Brandt.<br \/>\n2- El voto femenino, por la profesora Natalia P\u00e9rez.<br \/>\nLa moderadora ser\u00e1 la profesora Lorena Suariano.<\/p>\n","protected":false},"excerpt":{"rendered":"<p>El s\u00e1bado 3 de Noviembre, a las 19, en la Biblioteca Popular Rafael Obligado, se desarrollar\u00e1 el segundo encuentro de exposiciones de investigaciones hist\u00f3ricas. La actividad tendr\u00e1 entrada libre y gratuita. Se expondr\u00e1n dos tesis del profesorado en Historia del Instituto de Formaci\u00f3n Docente N\u00b0 115, \u00abMarcos Sastre\u00bb: 1- Los Mallorquines en la formaci\u00f3n de [&hellip;]<\/p>\n","protected":false},"author":4,"featured_media":42837,"comment_status":"open","ping_status":"closed","sticky":false,"template":"","format":"standard","meta":{"om_disable_all_campaigns":false,"_jetpack_memberships_contains_paid_content":false,"footnotes":""},"categories":[101,2],"tags":[],"class_list":["post-42836","post","type-post","status-publish","format-standard","has-post-thumbnail","hentry","category-interes-general-locales","category-locales"],"aioseo_notices":[],"gutentor_comment":0,"jetpack_featured_media_url":"https:\/\/eldiariodesanpedro.com.ar\/sitio\/wp-content\/uploads\/2018\/11\/Biblioteca-historiadores-2.jpg","jetpack_shortlink":"https:\/\/wp.me\/p6RhLt-b8U","jetpack_sharing_enabled":true,"_links":{"self":[{"href":"https:\/\/eldiariodesanpedro.com.ar\/sitio\/wp-json\/wp\/v2\/posts\/42836","targetHints":{"allow":["GET"]}}],"collection":[{"href":"https:\/\/eldiariodesanpedro.com.ar\/sitio\/wp-json\/wp\/v2\/posts"}],"about":[{"href":"https:\/\/eldiariodesanpedro.com.ar\/sitio\/wp-json\/wp\/v2\/types\/post"}],"author":[{"embeddable":true,"href":"https:\/\/eldiariodesanpedro.com.ar\/sitio\/wp-json\/wp\/v2\/users\/4"}],"replies":[{"embeddable":true,"href":"https:\/\/eldiariodesanpedro.com.ar\/sitio\/wp-json\/wp\/v2\/comments?post=42836"}],"version-history":[{"count":1,"href":"https:\/\/eldiariodesanpedro.com.ar\/sitio\/wp-json\/wp\/v2\/posts\/42836\/revisions"}],"predecessor-version":[{"id":42838,"href":"https:\/\/eldiariodesanpedro.com.ar\/sitio\/wp-json\/wp\/v2\/posts\/42836\/revisions\/42838"}],"wp:featuredmedia":[{"embeddable":true,"href":"https:\/\/eldiariodesanpedro.com.ar\/sitio\/wp-json\/wp\/v2\/media\/42837"}],"wp:attachment":[{"href":"https:\/\/eldiariodesanpedro.com.ar\/sitio\/wp-json\/wp\/v2\/media?parent=42836"}],"wp:term":[{"taxonomy":"category","embeddable":true,"href":"https:\/\/eldiariodesanpedro.com.ar\/sitio\/wp-json\/wp\/v2\/categories?post=42836"},{"taxonomy":"post_tag","embeddable":true,"href":"https:\/\/eldiariodesanpedro.com.ar\/sitio\/wp-json\/wp\/v2\/tags?post=42836"}],"curies":[{"name":"wp","href":"https:\/\/api.w.org\/{rel}","templated":true}]}}