{"id":42834,"date":"2018-11-01T15:45:30","date_gmt":"2018-11-01T18:45:30","guid":{"rendered":"https:\/\/eldiariodesanpedro.com.ar\/sitio\/?p=42834"},"modified":"2018-11-01T15:45:30","modified_gmt":"2018-11-01T18:45:30","slug":"corte-programado-para-manana-en-santa-lucia-doyle-y-zonas-adyacentes","status":"publish","type":"post","link":"https:\/\/eldiariodesanpedro.com.ar\/sitio\/corte-programado-para-manana-en-santa-lucia-doyle-y-zonas-adyacentes\/","title":{"rendered":"Corte programado para ma\u00f1ana en Santa Luc\u00eda, Doyle y zonas adyacentes"},"content":{"rendered":"<p><!-- VideographyWP Plugin Message: Automatic video embedding prevented by plugin options. --><br \/>\nSe informa que, el d\u00eda viernes 02 de noviembre se cortar\u00e1  el suministro por tareas de mantenimiento en Acceso de Santa Lucia desde Doyle  hasta Callej\u00f3n Sanz (Entrada a Santa Luc\u00eda) y derivaci\u00f3n a Los Para\u00edsos en su totalidad desde las 7:15 hs. hasta las 12:00hs aprox. <\/p>\n<p>En caso de mal tiempo ser\u00e1 reprogramado.<\/p>\n","protected":false},"excerpt":{"rendered":"<p>Se informa que, el d\u00eda viernes 02 de noviembre se cortar\u00e1 el suministro por tareas de mantenimiento en Acceso de Santa Lucia desde Doyle hasta Callej\u00f3n Sanz (Entrada a Santa Luc\u00eda) y derivaci\u00f3n a Los Para\u00edsos en su totalidad desde las 7:15 hs. hasta las 12:00hs aprox. En caso de mal tiempo ser\u00e1 reprogramado.<\/p>\n","protected":false},"author":4,"featured_media":39021,"comment_status":"open","ping_status":"closed","sticky":false,"template":"","format":"standard","meta":{"om_disable_all_campaigns":false,"_jetpack_memberships_contains_paid_content":false,"footnotes":""},"categories":[101,2],"tags":[],"class_list":["post-42834","post","type-post","status-publish","format-standard","has-post-thumbnail","hentry","category-interes-general-locales","category-locales"],"aioseo_notices":[],"gutentor_comment":0,"jetpack_featured_media_url":"https:\/\/eldiariodesanpedro.com.ar\/sitio\/wp-content\/uploads\/2018\/08\/coopser_-_corte_de_luz_7.jpg","jetpack_shortlink":"https:\/\/wp.me\/p6RhLt-b8S","jetpack_sharing_enabled":true,"_links":{"self":[{"href":"https:\/\/eldiariodesanpedro.com.ar\/sitio\/wp-json\/wp\/v2\/posts\/42834","targetHints":{"allow":["GET"]}}],"collection":[{"href":"https:\/\/eldiariodesanpedro.com.ar\/sitio\/wp-json\/wp\/v2\/posts"}],"about":[{"href":"https:\/\/eldiariodesanpedro.com.ar\/sitio\/wp-json\/wp\/v2\/types\/post"}],"author":[{"embeddable":true,"href":"https:\/\/eldiariodesanpedro.com.ar\/sitio\/wp-json\/wp\/v2\/users\/4"}],"replies":[{"embeddable":true,"href":"https:\/\/eldiariodesanpedro.com.ar\/sitio\/wp-json\/wp\/v2\/comments?post=42834"}],"version-history":[{"count":1,"href":"https:\/\/eldiariodesanpedro.com.ar\/sitio\/wp-json\/wp\/v2\/posts\/42834\/revisions"}],"predecessor-version":[{"id":42835,"href":"https:\/\/eldiariodesanpedro.com.ar\/sitio\/wp-json\/wp\/v2\/posts\/42834\/revisions\/42835"}],"wp:featuredmedia":[{"embeddable":true,"href":"https:\/\/eldiariodesanpedro.com.ar\/sitio\/wp-json\/wp\/v2\/media\/39021"}],"wp:attachment":[{"href":"https:\/\/eldiariodesanpedro.com.ar\/sitio\/wp-json\/wp\/v2\/media?parent=42834"}],"wp:term":[{"taxonomy":"category","embeddable":true,"href":"https:\/\/eldiariodesanpedro.com.ar\/sitio\/wp-json\/wp\/v2\/categories?post=42834"},{"taxonomy":"post_tag","embeddable":true,"href":"https:\/\/eldiariodesanpedro.com.ar\/sitio\/wp-json\/wp\/v2\/tags?post=42834"}],"curies":[{"name":"wp","href":"https:\/\/api.w.org\/{rel}","templated":true}]}}