{"id":42832,"date":"2018-11-01T12:25:10","date_gmt":"2018-11-01T15:25:10","guid":{"rendered":"https:\/\/eldiariodesanpedro.com.ar\/sitio\/?p=42832"},"modified":"2018-11-01T12:25:10","modified_gmt":"2018-11-01T15:25:10","slug":"el-dedo-encontrado-pertenecia-a-un-joven-que-arreglaba-una-motocicleta","status":"publish","type":"post","link":"https:\/\/eldiariodesanpedro.com.ar\/sitio\/el-dedo-encontrado-pertenecia-a-un-joven-que-arreglaba-una-motocicleta\/","title":{"rendered":"El dedo encontrado pertenec\u00eda a un joven que arreglaba una motocicleta"},"content":{"rendered":"<p><!-- VideographyWP Plugin Message: Automatic video embedding prevented by plugin options. --><br \/>\nTras la repercusi\u00f3n de la noticia del hallazgo de un dedo por parte de un ni\u00f1o de 6 a\u00f1os en la vereda de su casa.<\/p>\n<p>Este mi\u00e9rcoles por la tarde alrededor de las 14 hs se recibi\u00f3 en la guardia del nosocomio local a un joven de 20 a\u00f1os de edad quien tras sufrir un accidente mientras arreglaba su motocicleta le hizo perder tres dedos de una de sus manos.<\/p>\n<p>Horas mas tardes un ni\u00f1o de 6 a\u00f1os que llegaba a su casa junto a su abuelo encontraron una falange con la u\u00f1a frente a su casa ubicada en calle Bozzano al 1000  y luego su padre lo publico en las redes sociales por lo que la imagen se hizo viral.<\/p>\n","protected":false},"excerpt":{"rendered":"<p>Tras la repercusi\u00f3n de la noticia del hallazgo de un dedo por parte de un ni\u00f1o de 6 a\u00f1os en la vereda de su casa. Este mi\u00e9rcoles por la tarde alrededor de las 14 hs se recibi\u00f3 en la guardia del nosocomio local a un joven de 20 a\u00f1os de edad quien tras sufrir un [&hellip;]<\/p>\n","protected":false},"author":4,"featured_media":25808,"comment_status":"open","ping_status":"closed","sticky":false,"template":"","format":"standard","meta":{"om_disable_all_campaigns":false,"_jetpack_memberships_contains_paid_content":false,"footnotes":""},"categories":[2,103],"tags":[],"class_list":["post-42832","post","type-post","status-publish","format-standard","has-post-thumbnail","hentry","category-locales","category-policiales-locales"],"aioseo_notices":[],"gutentor_comment":0,"jetpack_featured_media_url":"https:\/\/eldiariodesanpedro.com.ar\/sitio\/wp-content\/uploads\/2017\/11\/Los-accidentados-fueron-derivados-a-la-Guardia.jpg","jetpack_shortlink":"https:\/\/wp.me\/p6RhLt-b8Q","jetpack_sharing_enabled":true,"_links":{"self":[{"href":"https:\/\/eldiariodesanpedro.com.ar\/sitio\/wp-json\/wp\/v2\/posts\/42832","targetHints":{"allow":["GET"]}}],"collection":[{"href":"https:\/\/eldiariodesanpedro.com.ar\/sitio\/wp-json\/wp\/v2\/posts"}],"about":[{"href":"https:\/\/eldiariodesanpedro.com.ar\/sitio\/wp-json\/wp\/v2\/types\/post"}],"author":[{"embeddable":true,"href":"https:\/\/eldiariodesanpedro.com.ar\/sitio\/wp-json\/wp\/v2\/users\/4"}],"replies":[{"embeddable":true,"href":"https:\/\/eldiariodesanpedro.com.ar\/sitio\/wp-json\/wp\/v2\/comments?post=42832"}],"version-history":[{"count":1,"href":"https:\/\/eldiariodesanpedro.com.ar\/sitio\/wp-json\/wp\/v2\/posts\/42832\/revisions"}],"predecessor-version":[{"id":42833,"href":"https:\/\/eldiariodesanpedro.com.ar\/sitio\/wp-json\/wp\/v2\/posts\/42832\/revisions\/42833"}],"wp:featuredmedia":[{"embeddable":true,"href":"https:\/\/eldiariodesanpedro.com.ar\/sitio\/wp-json\/wp\/v2\/media\/25808"}],"wp:attachment":[{"href":"https:\/\/eldiariodesanpedro.com.ar\/sitio\/wp-json\/wp\/v2\/media?parent=42832"}],"wp:term":[{"taxonomy":"category","embeddable":true,"href":"https:\/\/eldiariodesanpedro.com.ar\/sitio\/wp-json\/wp\/v2\/categories?post=42832"},{"taxonomy":"post_tag","embeddable":true,"href":"https:\/\/eldiariodesanpedro.com.ar\/sitio\/wp-json\/wp\/v2\/tags?post=42832"}],"curies":[{"name":"wp","href":"https:\/\/api.w.org\/{rel}","templated":true}]}}