{"id":42829,"date":"2018-11-01T11:11:47","date_gmt":"2018-11-01T14:11:47","guid":{"rendered":"https:\/\/eldiariodesanpedro.com.ar\/sitio\/?p=42829"},"modified":"2018-11-01T11:11:47","modified_gmt":"2018-11-01T14:11:47","slug":"un-nino-encontro-un-pedazo-de-dedo-en-la-vereda-de-su-casa","status":"publish","type":"post","link":"https:\/\/eldiariodesanpedro.com.ar\/sitio\/un-nino-encontro-un-pedazo-de-dedo-en-la-vereda-de-su-casa\/","title":{"rendered":"Un ni\u00f1o encontr\u00f3 un pedazo de dedo en la vereda de su casa"},"content":{"rendered":"<p><!-- VideographyWP Plugin Message: Automatic video embedding prevented by plugin options. --><br \/>\nEste mi\u00e9rcoles por la tarde un ni\u00f1o de 6 a\u00f1os de edad encontr\u00f3 el dedo de una persona en la puerta de su casa cuando volv\u00eda de dar un paseo con su abuelo.<\/p>\n<p>El episodio ocurri\u00f3 en calle Bozzano al 1000 alrededor de las 18 hs donde un ni\u00f1o de 6 a\u00f1os de edad que regresaba de un paseo con su abuelo encontr\u00f3 en la vereda de su casa una falange de un dedo con su u\u00f1a apuntado.<\/p>\n<p>Seg\u00fan pudo determinar la madre en conversaci\u00f3n con este medio declaro que el dedo parec\u00eda reci\u00e9n cortado, a la altura de la primer falange.<\/p>\n<p>Por el momento no hay referencia respecto a qu\u00e9 pudo haber ocurrido, que deber\u00e1 ser investigado en las pr\u00f3ximas horas por el personal de la DDI San Pedro &#8211; Baradero.<\/p>\n","protected":false},"excerpt":{"rendered":"<p>Este mi\u00e9rcoles por la tarde un ni\u00f1o de 6 a\u00f1os de edad encontr\u00f3 el dedo de una persona en la puerta de su casa cuando volv\u00eda de dar un paseo con su abuelo. El episodio ocurri\u00f3 en calle Bozzano al 1000 alrededor de las 18 hs donde un ni\u00f1o de 6 a\u00f1os de edad que [&hellip;]<\/p>\n","protected":false},"author":4,"featured_media":42830,"comment_status":"open","ping_status":"closed","sticky":false,"template":"","format":"standard","meta":{"om_disable_all_campaigns":false,"_jetpack_memberships_contains_paid_content":false,"footnotes":""},"categories":[101,2],"tags":[],"class_list":["post-42829","post","type-post","status-publish","format-standard","has-post-thumbnail","hentry","category-interes-general-locales","category-locales"],"aioseo_notices":[],"gutentor_comment":0,"jetpack_featured_media_url":"https:\/\/eldiariodesanpedro.com.ar\/sitio\/wp-content\/uploads\/2018\/11\/bozzano_1000.png","jetpack_shortlink":"https:\/\/wp.me\/p6RhLt-b8N","jetpack_sharing_enabled":true,"_links":{"self":[{"href":"https:\/\/eldiariodesanpedro.com.ar\/sitio\/wp-json\/wp\/v2\/posts\/42829","targetHints":{"allow":["GET"]}}],"collection":[{"href":"https:\/\/eldiariodesanpedro.com.ar\/sitio\/wp-json\/wp\/v2\/posts"}],"about":[{"href":"https:\/\/eldiariodesanpedro.com.ar\/sitio\/wp-json\/wp\/v2\/types\/post"}],"author":[{"embeddable":true,"href":"https:\/\/eldiariodesanpedro.com.ar\/sitio\/wp-json\/wp\/v2\/users\/4"}],"replies":[{"embeddable":true,"href":"https:\/\/eldiariodesanpedro.com.ar\/sitio\/wp-json\/wp\/v2\/comments?post=42829"}],"version-history":[{"count":1,"href":"https:\/\/eldiariodesanpedro.com.ar\/sitio\/wp-json\/wp\/v2\/posts\/42829\/revisions"}],"predecessor-version":[{"id":42831,"href":"https:\/\/eldiariodesanpedro.com.ar\/sitio\/wp-json\/wp\/v2\/posts\/42829\/revisions\/42831"}],"wp:featuredmedia":[{"embeddable":true,"href":"https:\/\/eldiariodesanpedro.com.ar\/sitio\/wp-json\/wp\/v2\/media\/42830"}],"wp:attachment":[{"href":"https:\/\/eldiariodesanpedro.com.ar\/sitio\/wp-json\/wp\/v2\/media?parent=42829"}],"wp:term":[{"taxonomy":"category","embeddable":true,"href":"https:\/\/eldiariodesanpedro.com.ar\/sitio\/wp-json\/wp\/v2\/categories?post=42829"},{"taxonomy":"post_tag","embeddable":true,"href":"https:\/\/eldiariodesanpedro.com.ar\/sitio\/wp-json\/wp\/v2\/tags?post=42829"}],"curies":[{"name":"wp","href":"https:\/\/api.w.org\/{rel}","templated":true}]}}