{"id":42826,"date":"2018-11-01T10:42:47","date_gmt":"2018-11-01T13:42:47","guid":{"rendered":"https:\/\/eldiariodesanpedro.com.ar\/sitio\/?p=42826"},"modified":"2018-11-01T10:42:47","modified_gmt":"2018-11-01T13:42:47","slug":"roban-una-motocicleta-y-queda-registrado-en-camaras-de-seguridad","status":"publish","type":"post","link":"https:\/\/eldiariodesanpedro.com.ar\/sitio\/roban-una-motocicleta-y-queda-registrado-en-camaras-de-seguridad\/","title":{"rendered":"Roban una motocicleta y queda registrado en c\u00e1maras de seguridad"},"content":{"rendered":"<p><!-- VideographyWP Plugin Message: Automatic video embedding prevented by plugin options. --><br \/>\nEste mi\u00e9rcoles se recibi\u00f3 la denuncia en la comisar\u00eda local de una mujer de 39 a\u00f1os propietaria de una motocicleta que minutos antes fue robada en la v\u00eda p\u00fablica.<\/p>\n<p>El hecho ocurri\u00f3 alrededor de las 13:45 hs de este mi\u00e9rcoles cuando una motocicleta marca Yamaha Crypton 110 cc que se encontraba estacionada en la vereda de su domicilio calle Caseros altura 1000 fue sustra\u00edda por autores ignorados.<\/p>\n<p>El hecho fue registrado por las c\u00e1maras de seguridad del domicilio donde se puede apreciar el momento y la rapidez con la que fue sustra\u00edda. <\/p>\n<p>Se investiga el hecho con intervenci\u00f3n de la fiscal\u00eda en turno de San Pedro teniendo identificados a los delincuentes.<\/p>\n<p><iframe data-src=\"https:\/\/www.facebook.com\/plugins\/video.php?href=https%3A%2F%2Fwww.facebook.com%2Feldiario.desanpedro%2Fvideos%2F349657558929008%2F&#038;show_text=0&#038;width=266\" width=\"266\" height=\"476\" style=\"border:none;overflow:hidden\" scrolling=\"no\" frameborder=\"0\" allowTransparency=\"true\" allowFullScreen=\"true\" src=\"data:image\/svg+xml;base64,PHN2ZyB3aWR0aD0iMSIgaGVpZ2h0PSIxIiB4bWxucz0iaHR0cDovL3d3dy53My5vcmcvMjAwMC9zdmciPjwvc3ZnPg==\" class=\"lazyload\" data-load-mode=\"1\"><\/iframe><\/p>\n","protected":false},"excerpt":{"rendered":"<p>Este mi\u00e9rcoles se recibi\u00f3 la denuncia en la comisar\u00eda local de una mujer de 39 a\u00f1os propietaria de una motocicleta que minutos antes fue robada en la v\u00eda p\u00fablica. El hecho ocurri\u00f3 alrededor de las 13:45 hs de este mi\u00e9rcoles cuando una motocicleta marca Yamaha Crypton 110 cc que se encontraba estacionada en la vereda [&hellip;]<\/p>\n","protected":false},"author":4,"featured_media":42827,"comment_status":"open","ping_status":"closed","sticky":false,"template":"","format":"standard","meta":{"om_disable_all_campaigns":false,"_jetpack_memberships_contains_paid_content":false,"footnotes":""},"categories":[50,2,103],"tags":[],"class_list":["post-42826","post","type-post","status-publish","format-standard","has-post-thumbnail","hentry","category-destacadas","category-locales","category-policiales-locales"],"aioseo_notices":[],"gutentor_comment":0,"jetpack_featured_media_url":"https:\/\/eldiariodesanpedro.com.ar\/sitio\/wp-content\/uploads\/2018\/11\/2018-11-01-1.png","jetpack_shortlink":"https:\/\/wp.me\/p6RhLt-b8K","jetpack_sharing_enabled":true,"_links":{"self":[{"href":"https:\/\/eldiariodesanpedro.com.ar\/sitio\/wp-json\/wp\/v2\/posts\/42826","targetHints":{"allow":["GET"]}}],"collection":[{"href":"https:\/\/eldiariodesanpedro.com.ar\/sitio\/wp-json\/wp\/v2\/posts"}],"about":[{"href":"https:\/\/eldiariodesanpedro.com.ar\/sitio\/wp-json\/wp\/v2\/types\/post"}],"author":[{"embeddable":true,"href":"https:\/\/eldiariodesanpedro.com.ar\/sitio\/wp-json\/wp\/v2\/users\/4"}],"replies":[{"embeddable":true,"href":"https:\/\/eldiariodesanpedro.com.ar\/sitio\/wp-json\/wp\/v2\/comments?post=42826"}],"version-history":[{"count":1,"href":"https:\/\/eldiariodesanpedro.com.ar\/sitio\/wp-json\/wp\/v2\/posts\/42826\/revisions"}],"predecessor-version":[{"id":42828,"href":"https:\/\/eldiariodesanpedro.com.ar\/sitio\/wp-json\/wp\/v2\/posts\/42826\/revisions\/42828"}],"wp:featuredmedia":[{"embeddable":true,"href":"https:\/\/eldiariodesanpedro.com.ar\/sitio\/wp-json\/wp\/v2\/media\/42827"}],"wp:attachment":[{"href":"https:\/\/eldiariodesanpedro.com.ar\/sitio\/wp-json\/wp\/v2\/media?parent=42826"}],"wp:term":[{"taxonomy":"category","embeddable":true,"href":"https:\/\/eldiariodesanpedro.com.ar\/sitio\/wp-json\/wp\/v2\/categories?post=42826"},{"taxonomy":"post_tag","embeddable":true,"href":"https:\/\/eldiariodesanpedro.com.ar\/sitio\/wp-json\/wp\/v2\/tags?post=42826"}],"curies":[{"name":"wp","href":"https:\/\/api.w.org\/{rel}","templated":true}]}}