{"id":42824,"date":"2018-11-01T10:31:09","date_gmt":"2018-11-01T13:31:09","guid":{"rendered":"https:\/\/eldiariodesanpedro.com.ar\/sitio\/?p=42824"},"modified":"2018-11-01T10:31:09","modified_gmt":"2018-11-01T13:31:09","slug":"dos-mujeres-con-lesiones-al-perder-el-control-de-su-motocicleta","status":"publish","type":"post","link":"https:\/\/eldiariodesanpedro.com.ar\/sitio\/dos-mujeres-con-lesiones-al-perder-el-control-de-su-motocicleta\/","title":{"rendered":"Dos mujeres con lesiones al perder el control de su motocicleta"},"content":{"rendered":"<p><!-- VideographyWP Plugin Message: Automatic video embedding prevented by plugin options. --><br \/>\nEste mi\u00e9rcoles en horas del mediod\u00eda en Boulevard Moreno y 25 de Mayo se produjo un accidente de tr\u00e1nsito en donde debi\u00f3 intervenir la polic\u00eda de nuestra ciudad.<\/p>\n<p>Por causas que se tratan de establecer una mujer de 20 a\u00f1os de edad quien supuestamente pierde el control de la motocicleta que conduc\u00eda, cayendo al piso. Resultando lesionada al igual que su acompa\u00f1ante otra mujer de 37 a\u00f1os.<\/p>\n<p>Ambas trasladadas por el servicio del SAME a la guardia del nosocomio local donde se pudo determinar que presentaba politraumatismos leves.<\/p>\n","protected":false},"excerpt":{"rendered":"<p>Este mi\u00e9rcoles en horas del mediod\u00eda en Boulevard Moreno y 25 de Mayo se produjo un accidente de tr\u00e1nsito en donde debi\u00f3 intervenir la polic\u00eda de nuestra ciudad. Por causas que se tratan de establecer una mujer de 20 a\u00f1os de edad quien supuestamente pierde el control de la motocicleta que conduc\u00eda, cayendo al piso. [&hellip;]<\/p>\n","protected":false},"author":4,"featured_media":31339,"comment_status":"open","ping_status":"closed","sticky":false,"template":"","format":"standard","meta":{"om_disable_all_campaigns":false,"_jetpack_memberships_contains_paid_content":false,"footnotes":""},"categories":[2,103],"tags":[],"class_list":["post-42824","post","type-post","status-publish","format-standard","has-post-thumbnail","hentry","category-locales","category-policiales-locales"],"aioseo_notices":[],"gutentor_comment":0,"jetpack_featured_media_url":"https:\/\/eldiariodesanpedro.com.ar\/sitio\/wp-content\/uploads\/2018\/04\/same_658x400.jpg","jetpack_shortlink":"https:\/\/wp.me\/p6RhLt-b8I","jetpack_sharing_enabled":true,"_links":{"self":[{"href":"https:\/\/eldiariodesanpedro.com.ar\/sitio\/wp-json\/wp\/v2\/posts\/42824","targetHints":{"allow":["GET"]}}],"collection":[{"href":"https:\/\/eldiariodesanpedro.com.ar\/sitio\/wp-json\/wp\/v2\/posts"}],"about":[{"href":"https:\/\/eldiariodesanpedro.com.ar\/sitio\/wp-json\/wp\/v2\/types\/post"}],"author":[{"embeddable":true,"href":"https:\/\/eldiariodesanpedro.com.ar\/sitio\/wp-json\/wp\/v2\/users\/4"}],"replies":[{"embeddable":true,"href":"https:\/\/eldiariodesanpedro.com.ar\/sitio\/wp-json\/wp\/v2\/comments?post=42824"}],"version-history":[{"count":1,"href":"https:\/\/eldiariodesanpedro.com.ar\/sitio\/wp-json\/wp\/v2\/posts\/42824\/revisions"}],"predecessor-version":[{"id":42825,"href":"https:\/\/eldiariodesanpedro.com.ar\/sitio\/wp-json\/wp\/v2\/posts\/42824\/revisions\/42825"}],"wp:featuredmedia":[{"embeddable":true,"href":"https:\/\/eldiariodesanpedro.com.ar\/sitio\/wp-json\/wp\/v2\/media\/31339"}],"wp:attachment":[{"href":"https:\/\/eldiariodesanpedro.com.ar\/sitio\/wp-json\/wp\/v2\/media?parent=42824"}],"wp:term":[{"taxonomy":"category","embeddable":true,"href":"https:\/\/eldiariodesanpedro.com.ar\/sitio\/wp-json\/wp\/v2\/categories?post=42824"},{"taxonomy":"post_tag","embeddable":true,"href":"https:\/\/eldiariodesanpedro.com.ar\/sitio\/wp-json\/wp\/v2\/tags?post=42824"}],"curies":[{"name":"wp","href":"https:\/\/api.w.org\/{rel}","templated":true}]}}