{"id":42790,"date":"2018-10-31T20:35:49","date_gmt":"2018-10-31T23:35:49","guid":{"rendered":"https:\/\/eldiariodesanpedro.com.ar\/sitio\/?p=42790"},"modified":"2026-01-24T00:09:10","modified_gmt":"2026-01-24T03:09:10","slug":"torneo-provincial-la-asociacion-de-bochas-de-san-pedro-campeon-en-sub-12","status":"publish","type":"post","link":"https:\/\/eldiariodesanpedro.com.ar\/sitio\/torneo-provincial-la-asociacion-de-bochas-de-san-pedro-campeon-en-sub-12\/","title":{"rendered":"TORNEO PROVINCIAL: La Asociaci\u00f3n de Bochas de San Pedro campe\u00f3n en Sub 12"},"content":{"rendered":"<p><!-- VideographyWP Plugin Message: Automatic video embedding prevented by plugin options. --><br \/>\nCon desempe\u00f1o y suerte dispares, los infantiles de San Pedro, participaron del \u201cEncuentro Final Infantil\u201d en Mar del Plata. La ABSP present\u00f3 dos selectivos, Sub 12 y Sub 15, quienes lograron ese derecho al ganar en los regionales.<br \/>\n  Los chicos del Sub 15 (Germ\u00e1n Ledesma y Ulises Far\u00edas) no pudieron clasificar en la zona tras caer por 12 a 3 frente a Bah\u00eda Blanca, mientras que el Sub 12 (Enzo C\u00f3rdoba y Pablo Pereyra) clasificaron hasta llegar a la final.<br \/>\n  En el Club Los Pinares de Mar del Plata fue el partido decisivo, entre la Asociaci\u00f3n de Bochas de San Pedro y el Combinado de Ameghino-Rojas.<br \/>\n  San Pedro lleg\u00f3 despu\u00e9s de ganarle a Bah\u00eda Blanca, por 12 a 8, mientras que Ameghino le gan\u00f3 a la Escuelita de Bochas de Olavarr\u00eda.<br \/>\n  Se impuso los chicos de la ABSP 12 a 8 siendo el Campe\u00f3n de la 1ra Edici\u00f3n de los Encuentros Infantiles Provinciales 2018.<\/p>\n<p><strong>En San Pedro Torneo de mayores: M\u00e1rsico gan\u00f3 la Copa San Pedro  <\/strong><br \/>\n  Se llev\u00f3 a cabo en todas las canchas de San Pedro un certamen de Bochas denominado \u201cCopa San Pedro\u201d, organizado con \u00e9xito por el Club Am\u00e9rica para tercera categor\u00eda. El campe\u00f3n fue Marcelo M\u00e1rsico de Sportivo Am\u00e9rica, luego se ubicaron B. P\u00e9rez del club de Bochas San Pedro, Paolo Guerrero y Gabriel Leiva.<\/p>\n","protected":false},"excerpt":{"rendered":"<p>Con desempe\u00f1o y suerte dispares, los infantiles de San Pedro, participaron del \u201cEncuentro Final Infantil\u201d en Mar del Plata. La ABSP present\u00f3 dos selectivos, Sub 12 y Sub 15, quienes lograron ese derecho al ganar en los regionales. Los chicos del Sub 15 (Germ\u00e1n Ledesma y Ulises Far\u00edas) no pudieron clasificar en la zona tras [&hellip;]<\/p>\n","protected":false},"author":4,"featured_media":42791,"comment_status":"open","ping_status":"closed","sticky":false,"template":"","format":"standard","meta":{"om_disable_all_campaigns":false,"_jetpack_memberships_contains_paid_content":false,"footnotes":""},"categories":[5],"tags":[],"class_list":["post-42790","post","type-post","status-publish","format-standard","has-post-thumbnail","hentry","category-deportes"],"aioseo_notices":[],"gutentor_comment":0,"jetpack_featured_media_url":"https:\/\/eldiariodesanpedro.com.ar\/sitio\/wp-content\/uploads\/2018\/10\/La-Asociaci\u00f3n-de-Bochas-de-San-Pedro-campe\u00f3n-en-Sub-12.jpg","jetpack_shortlink":"https:\/\/wp.me\/p6RhLt-b8a","jetpack_sharing_enabled":true,"_links":{"self":[{"href":"https:\/\/eldiariodesanpedro.com.ar\/sitio\/wp-json\/wp\/v2\/posts\/42790","targetHints":{"allow":["GET"]}}],"collection":[{"href":"https:\/\/eldiariodesanpedro.com.ar\/sitio\/wp-json\/wp\/v2\/posts"}],"about":[{"href":"https:\/\/eldiariodesanpedro.com.ar\/sitio\/wp-json\/wp\/v2\/types\/post"}],"author":[{"embeddable":true,"href":"https:\/\/eldiariodesanpedro.com.ar\/sitio\/wp-json\/wp\/v2\/users\/4"}],"replies":[{"embeddable":true,"href":"https:\/\/eldiariodesanpedro.com.ar\/sitio\/wp-json\/wp\/v2\/comments?post=42790"}],"version-history":[{"count":1,"href":"https:\/\/eldiariodesanpedro.com.ar\/sitio\/wp-json\/wp\/v2\/posts\/42790\/revisions"}],"predecessor-version":[{"id":42792,"href":"https:\/\/eldiariodesanpedro.com.ar\/sitio\/wp-json\/wp\/v2\/posts\/42790\/revisions\/42792"}],"wp:featuredmedia":[{"embeddable":true,"href":"https:\/\/eldiariodesanpedro.com.ar\/sitio\/wp-json\/wp\/v2\/media\/42791"}],"wp:attachment":[{"href":"https:\/\/eldiariodesanpedro.com.ar\/sitio\/wp-json\/wp\/v2\/media?parent=42790"}],"wp:term":[{"taxonomy":"category","embeddable":true,"href":"https:\/\/eldiariodesanpedro.com.ar\/sitio\/wp-json\/wp\/v2\/categories?post=42790"},{"taxonomy":"post_tag","embeddable":true,"href":"https:\/\/eldiariodesanpedro.com.ar\/sitio\/wp-json\/wp\/v2\/tags?post=42790"}],"curies":[{"name":"wp","href":"https:\/\/api.w.org\/{rel}","templated":true}]}}