{"id":42786,"date":"2018-10-31T20:36:22","date_gmt":"2018-10-31T23:36:22","guid":{"rendered":"https:\/\/eldiariodesanpedro.com.ar\/sitio\/?p=42786"},"modified":"2026-01-24T00:09:10","modified_gmt":"2026-01-24T03:09:10","slug":"minivoley-el-club-nautico-san-pedro-volvio-a-reunir-a-clubes-de-todo-el-pais","status":"publish","type":"post","link":"https:\/\/eldiariodesanpedro.com.ar\/sitio\/minivoley-el-club-nautico-san-pedro-volvio-a-reunir-a-clubes-de-todo-el-pais\/","title":{"rendered":"MINIV\u00d3LEY: El Club N\u00e1utico San Pedro volvi\u00f3 a reunir a clubes de todo el pa\u00eds"},"content":{"rendered":"<p><!-- VideographyWP Plugin Message: Automatic video embedding prevented by plugin options. --><br \/>\nFue en el 2\u00b0 Encuentro Nacional de Miniv\u00f3ley con la participaci\u00f3n de m\u00e1s de 450 chicos en dos jornadas con partidos simult\u00e1neos en tres canchas.<br \/>\n  El s\u00e1bado por la noche culmin\u00f3 con un enorme fog\u00f3n encabezado por el Prof. Federico Bonvissuto en el que los chicos disfrutaron de un d\u00eda espectacular en el que el v\u00f3ley, el sol, la arena, la m\u00fasica y el r\u00edo fueron los grandes protagonistas.<br \/>\n  El domingo se desarroll\u00f3 de manera normal con una jornada de miniv\u00f3ley de 10 a 13 hs y desde las 13 se cumpli\u00f3 con el cierre y la premiaci\u00f3n con un recuerdo para cada jugador.<\/p>\n<p><strong>Clubes participantes: <\/strong><br \/>\nGER Rosario, Rivadavia de Peyrano Sta. Fe. Juventud Unida de C\u00f3rdoba, Escuela de Iniciaci\u00f3n Deportiva de Roque P\u00e9rez, Viajantes de Pergamino. Escuela Municipal de Baradero, Defensores de Villa Ramallo; La Emilia, Regatas y SOMISA de San Nicol\u00e1s, Los Andes de Ramallo, Riberas de Villa Constituci\u00f3n, Recreativo de Carmen de Areco, Club Junin, Club Ca\u00f1uelas, Alfonso, Escuela Municipal, Douglas y San Telmo de Pergamino, CEF N\u00ba14 de San Pedro y por supuesto el organizador.<\/p>\n","protected":false},"excerpt":{"rendered":"<p>Fue en el 2\u00b0 Encuentro Nacional de Miniv\u00f3ley con la participaci\u00f3n de m\u00e1s de 450 chicos en dos jornadas con partidos simult\u00e1neos en tres canchas. El s\u00e1bado por la noche culmin\u00f3 con un enorme fog\u00f3n encabezado por el Prof. Federico Bonvissuto en el que los chicos disfrutaron de un d\u00eda espectacular en el que el [&hellip;]<\/p>\n","protected":false},"author":4,"featured_media":18703,"comment_status":"open","ping_status":"closed","sticky":false,"template":"","format":"standard","meta":{"om_disable_all_campaigns":false,"_jetpack_memberships_contains_paid_content":false,"footnotes":""},"categories":[5],"tags":[],"class_list":["post-42786","post","type-post","status-publish","format-standard","has-post-thumbnail","hentry","category-deportes"],"aioseo_notices":[],"gutentor_comment":0,"jetpack_featured_media_url":"https:\/\/eldiariodesanpedro.com.ar\/sitio\/wp-content\/uploads\/2017\/05\/voley.jpg","jetpack_shortlink":"https:\/\/wp.me\/p6RhLt-b86","jetpack_sharing_enabled":true,"_links":{"self":[{"href":"https:\/\/eldiariodesanpedro.com.ar\/sitio\/wp-json\/wp\/v2\/posts\/42786","targetHints":{"allow":["GET"]}}],"collection":[{"href":"https:\/\/eldiariodesanpedro.com.ar\/sitio\/wp-json\/wp\/v2\/posts"}],"about":[{"href":"https:\/\/eldiariodesanpedro.com.ar\/sitio\/wp-json\/wp\/v2\/types\/post"}],"author":[{"embeddable":true,"href":"https:\/\/eldiariodesanpedro.com.ar\/sitio\/wp-json\/wp\/v2\/users\/4"}],"replies":[{"embeddable":true,"href":"https:\/\/eldiariodesanpedro.com.ar\/sitio\/wp-json\/wp\/v2\/comments?post=42786"}],"version-history":[{"count":2,"href":"https:\/\/eldiariodesanpedro.com.ar\/sitio\/wp-json\/wp\/v2\/posts\/42786\/revisions"}],"predecessor-version":[{"id":42795,"href":"https:\/\/eldiariodesanpedro.com.ar\/sitio\/wp-json\/wp\/v2\/posts\/42786\/revisions\/42795"}],"wp:featuredmedia":[{"embeddable":true,"href":"https:\/\/eldiariodesanpedro.com.ar\/sitio\/wp-json\/wp\/v2\/media\/18703"}],"wp:attachment":[{"href":"https:\/\/eldiariodesanpedro.com.ar\/sitio\/wp-json\/wp\/v2\/media?parent=42786"}],"wp:term":[{"taxonomy":"category","embeddable":true,"href":"https:\/\/eldiariodesanpedro.com.ar\/sitio\/wp-json\/wp\/v2\/categories?post=42786"},{"taxonomy":"post_tag","embeddable":true,"href":"https:\/\/eldiariodesanpedro.com.ar\/sitio\/wp-json\/wp\/v2\/tags?post=42786"}],"curies":[{"name":"wp","href":"https:\/\/api.w.org\/{rel}","templated":true}]}}