{"id":42780,"date":"2018-10-31T20:29:39","date_gmt":"2018-10-31T23:29:39","guid":{"rendered":"https:\/\/eldiariodesanpedro.com.ar\/sitio\/?p=42780"},"modified":"2018-10-31T20:29:39","modified_gmt":"2018-10-31T23:29:39","slug":"nuevamente-mujeres-viveristas-sampedrinas-reconocidas","status":"publish","type":"post","link":"https:\/\/eldiariodesanpedro.com.ar\/sitio\/nuevamente-mujeres-viveristas-sampedrinas-reconocidas\/","title":{"rendered":"Nuevamente mujeres viveristas sampedrinas reconocidas"},"content":{"rendered":"<p><!-- VideographyWP Plugin Message: Automatic video embedding prevented by plugin options. --><br \/>\nFue el pasado viernes 26 de octubre en la localidad de Mercedes, en el marco del 4to Encuentro Nacional de Mujeres Rurales Argentinas.<\/p>\n<p>  Las sampedrinas homenajeadas fueron Marta Susana Ferrari por Vivero Laurino, Rosa Carmen Pascual por Vivero Gaido y Eleonor Laura Otero por Vivero Liliana. Es el segundo a\u00f1o que viveristas locales reciben el reconocimiento por su aporte a la labor del campo. Para recibir la distinci\u00f3n deben vivir y trabajar en la zona rural, afianzar el arraigo y realizar aportes a la conservaci\u00f3n de las tradiciones.<br \/>\n  Se trata de una iniciativa de la Asociaci\u00f3n Regional de Productores Emprendedores y Artesanos del Oeste (AROPEA-FEBAPRI), a trav\u00e9s de su referente de g\u00e9nero Susana Castagneto, que busca visibilizar el aporte de la mujer a las econom\u00edas regionales y la vida rural. Se realiza en el mes de octubre, en continuidad con la celebraci\u00f3n del D\u00eda de la Mujer Rural que se ha fijado en el d\u00eda 15 del mes. Se trata de 3 jornadas durante las cu\u00e1les mujeres de todo el pa\u00eds comparten vivencias a trav\u00e9s de debates sobre la problem\u00e1tica rural en la actualidad y capacitaci\u00f3n que brindan las herramientas para afrontar los nuevos desaf\u00edos que se presentan en la diversidad territorial.<br \/>\n  Reciben el reconocimiento 40 mujeres, y es la segunda oportunidad que son reconocidas las de San Pedro. La iniciativa es celebrada por la C\u00e1mara de Viveristas, que en los \u00faltimos a\u00f1os se va consolidando como una organizaci\u00f3n local que re\u00fane a emprendimientos que en la mayor\u00eda de los casos se fundan en el trabajo de la familia.<\/p>\n","protected":false},"excerpt":{"rendered":"<p>Fue el pasado viernes 26 de octubre en la localidad de Mercedes, en el marco del 4to Encuentro Nacional de Mujeres Rurales Argentinas. Las sampedrinas homenajeadas fueron Marta Susana Ferrari por Vivero Laurino, Rosa Carmen Pascual por Vivero Gaido y Eleonor Laura Otero por Vivero Liliana. Es el segundo a\u00f1o que viveristas locales reciben el [&hellip;]<\/p>\n","protected":false},"author":4,"featured_media":42783,"comment_status":"open","ping_status":"closed","sticky":false,"template":"","format":"standard","meta":{"om_disable_all_campaigns":false,"_jetpack_memberships_contains_paid_content":false,"footnotes":""},"categories":[101,2],"tags":[],"class_list":["post-42780","post","type-post","status-publish","format-standard","has-post-thumbnail","hentry","category-interes-general-locales","category-locales"],"aioseo_notices":[],"gutentor_comment":0,"jetpack_featured_media_url":"https:\/\/eldiariodesanpedro.com.ar\/sitio\/wp-content\/uploads\/2018\/10\/Reconocimiento-a-mujeres-viveristas-sampedrinas.jpg","jetpack_shortlink":"https:\/\/wp.me\/p6RhLt-b80","jetpack_sharing_enabled":true,"_links":{"self":[{"href":"https:\/\/eldiariodesanpedro.com.ar\/sitio\/wp-json\/wp\/v2\/posts\/42780","targetHints":{"allow":["GET"]}}],"collection":[{"href":"https:\/\/eldiariodesanpedro.com.ar\/sitio\/wp-json\/wp\/v2\/posts"}],"about":[{"href":"https:\/\/eldiariodesanpedro.com.ar\/sitio\/wp-json\/wp\/v2\/types\/post"}],"author":[{"embeddable":true,"href":"https:\/\/eldiariodesanpedro.com.ar\/sitio\/wp-json\/wp\/v2\/users\/4"}],"replies":[{"embeddable":true,"href":"https:\/\/eldiariodesanpedro.com.ar\/sitio\/wp-json\/wp\/v2\/comments?post=42780"}],"version-history":[{"count":1,"href":"https:\/\/eldiariodesanpedro.com.ar\/sitio\/wp-json\/wp\/v2\/posts\/42780\/revisions"}],"predecessor-version":[{"id":42785,"href":"https:\/\/eldiariodesanpedro.com.ar\/sitio\/wp-json\/wp\/v2\/posts\/42780\/revisions\/42785"}],"wp:featuredmedia":[{"embeddable":true,"href":"https:\/\/eldiariodesanpedro.com.ar\/sitio\/wp-json\/wp\/v2\/media\/42783"}],"wp:attachment":[{"href":"https:\/\/eldiariodesanpedro.com.ar\/sitio\/wp-json\/wp\/v2\/media?parent=42780"}],"wp:term":[{"taxonomy":"category","embeddable":true,"href":"https:\/\/eldiariodesanpedro.com.ar\/sitio\/wp-json\/wp\/v2\/categories?post=42780"},{"taxonomy":"post_tag","embeddable":true,"href":"https:\/\/eldiariodesanpedro.com.ar\/sitio\/wp-json\/wp\/v2\/tags?post=42780"}],"curies":[{"name":"wp","href":"https:\/\/api.w.org\/{rel}","templated":true}]}}