{"id":42779,"date":"2018-10-31T20:28:02","date_gmt":"2018-10-31T23:28:02","guid":{"rendered":"https:\/\/eldiariodesanpedro.com.ar\/sitio\/?p=42779"},"modified":"2018-10-31T20:28:02","modified_gmt":"2018-10-31T23:28:02","slug":"santa-lucia-lista-para-la-24o-semana-de-la-juventud","status":"publish","type":"post","link":"https:\/\/eldiariodesanpedro.com.ar\/sitio\/santa-lucia-lista-para-la-24o-semana-de-la-juventud\/","title":{"rendered":"Santa Luc\u00eda lista para la 24\u00ba Semana de la Juventud"},"content":{"rendered":"<p><!-- VideographyWP Plugin Message: Automatic video embedding prevented by plugin options. --><br \/>\nEl domingo 4 de noviembre dar\u00e1 comienzo la edici\u00f3n 24 de la Semana de la Juventud en la localidad de Santa Luc\u00eda. <\/p>\n<p>  El tradicional evento, que re\u00fane a toda la comunidad en torno a los ideales del deporte, la cultura, la integraci\u00f3n y la participaci\u00f3n, iniciar\u00e1 por la tarde, con m\u00fasica, feria de artesanos, actividades recreativas y l\u00fadicas en la plaza San Mart\u00edn.<br \/>\n  La inauguraci\u00f3n ser\u00e1 a las 20.30 hs, en la cancha del Instituto Margarita O&#8217;Farrel de Maguirre. Actuar\u00e1n \u00abM\u00fasica Esperanza\u00bb, de Vuelta de Obligado, Felicitas Rolfo, Tumbao y el d\u00fao Deja Vu (P\u00e9rez Mill\u00e1n). El cuadro de apertura, dirigido por Gabriela Bah\u00eda, estar\u00e1 a cargo de j\u00f3venes estudiantes de las dos escuelas secundarias santalucenses.<br \/>\n  El lunes 5 se iniciar\u00e1n las actividades deportivas, habr\u00e1 una charla sobre consumo de alcohol a cargo del Dr. Javier Derita, y se inaugurar\u00e1 la intervenci\u00f3n de la Biblioteca Popular \u00abDomingo Faustino Sarmiento\u00bb. Tambi\u00e9n se programaron para ese d\u00eda Juegos de Educaci\u00f3n Sexual Integral en la Biblioteca con una mateada. Por la noche, se realizar\u00e1 la \u00abNoche de Serenatas\u00bb, que partir\u00e1 desde la sede social del Club Deportivo Central C\u00f3rdoba.<br \/>\nLa charla taller sobre prevenci\u00f3n y visualizaci\u00f3n del abuso en la infancia brindada por Cintia C\u00e1ceres y ACASE, est\u00e1 programada para el martes, a las 14, en el Club de Jubilados.<br \/>\nA las 19.30 de ese d\u00eda se proyectar\u00e1n los cortos \u00abEl Campe\u00f3n\u00bb y \u00abLa direcci\u00f3n del mal\u00bb, en la Casa del Teatro, con entrada libre y gratuita.<br \/>\n  Para el mi\u00e9rcoles 7, entre las 10 y las 16, se programaron juegos recreativos en la cancha del Instituto. Por la noche, a las 20, en el patio de la misma instituci\u00f3n educativa habr\u00e1 cine al aire libre.<br \/>\n  La Feria de Arte y Ciencia estar\u00e1 abierta el jueves 8, de 8.30 a 17, en la Escuela Secundaria 1. Ese d\u00eda, a las 20.30, se realizar\u00e1 \u00abViva las bandas\u00bb, en lugar a confirmar.<br \/>\n  El festival de cierre fue programado para el viernes 9. Habr\u00e1 reconocimientos al color ganador de las competencias deportivas, un espect\u00e1culo de percusi\u00f3n a cargo del Instituto Agropecuario (dirigido por la profesora Guadalupe Seregni) y un show art\u00edstico de j\u00f3venes a cargo de Eugenia Mi\u00f1o.<br \/>\n  Habr\u00e1 cuadros de baile, presentados por Nazarena Catalano y Electronic Passion, y actuar\u00e1n los grupos \u00abAmapola\u00bb y \u00abMoby Dick\u00bb.<\/p>\n<p>Fuente: Noticias San Pedro<\/p>\n","protected":false},"excerpt":{"rendered":"<p>El domingo 4 de noviembre dar\u00e1 comienzo la edici\u00f3n 24 de la Semana de la Juventud en la localidad de Santa Luc\u00eda. El tradicional evento, que re\u00fane a toda la comunidad en torno a los ideales del deporte, la cultura, la integraci\u00f3n y la participaci\u00f3n, iniciar\u00e1 por la tarde, con m\u00fasica, feria de artesanos, actividades [&hellip;]<\/p>\n","protected":false},"author":4,"featured_media":42781,"comment_status":"open","ping_status":"closed","sticky":false,"template":"","format":"standard","meta":{"om_disable_all_campaigns":false,"_jetpack_memberships_contains_paid_content":false,"footnotes":""},"categories":[101,2],"tags":[],"class_list":["post-42779","post","type-post","status-publish","format-standard","has-post-thumbnail","hentry","category-interes-general-locales","category-locales"],"aioseo_notices":[],"gutentor_comment":0,"jetpack_featured_media_url":"https:\/\/eldiariodesanpedro.com.ar\/sitio\/wp-content\/uploads\/2018\/10\/Semana-de-la-Juventud-logo.jpg","jetpack_shortlink":"https:\/\/wp.me\/p6RhLt-b7Z","jetpack_sharing_enabled":true,"_links":{"self":[{"href":"https:\/\/eldiariodesanpedro.com.ar\/sitio\/wp-json\/wp\/v2\/posts\/42779","targetHints":{"allow":["GET"]}}],"collection":[{"href":"https:\/\/eldiariodesanpedro.com.ar\/sitio\/wp-json\/wp\/v2\/posts"}],"about":[{"href":"https:\/\/eldiariodesanpedro.com.ar\/sitio\/wp-json\/wp\/v2\/types\/post"}],"author":[{"embeddable":true,"href":"https:\/\/eldiariodesanpedro.com.ar\/sitio\/wp-json\/wp\/v2\/users\/4"}],"replies":[{"embeddable":true,"href":"https:\/\/eldiariodesanpedro.com.ar\/sitio\/wp-json\/wp\/v2\/comments?post=42779"}],"version-history":[{"count":1,"href":"https:\/\/eldiariodesanpedro.com.ar\/sitio\/wp-json\/wp\/v2\/posts\/42779\/revisions"}],"predecessor-version":[{"id":42782,"href":"https:\/\/eldiariodesanpedro.com.ar\/sitio\/wp-json\/wp\/v2\/posts\/42779\/revisions\/42782"}],"wp:featuredmedia":[{"embeddable":true,"href":"https:\/\/eldiariodesanpedro.com.ar\/sitio\/wp-json\/wp\/v2\/media\/42781"}],"wp:attachment":[{"href":"https:\/\/eldiariodesanpedro.com.ar\/sitio\/wp-json\/wp\/v2\/media?parent=42779"}],"wp:term":[{"taxonomy":"category","embeddable":true,"href":"https:\/\/eldiariodesanpedro.com.ar\/sitio\/wp-json\/wp\/v2\/categories?post=42779"},{"taxonomy":"post_tag","embeddable":true,"href":"https:\/\/eldiariodesanpedro.com.ar\/sitio\/wp-json\/wp\/v2\/tags?post=42779"}],"curies":[{"name":"wp","href":"https:\/\/api.w.org\/{rel}","templated":true}]}}