{"id":42771,"date":"2018-10-31T10:35:14","date_gmt":"2018-10-31T13:35:14","guid":{"rendered":"https:\/\/eldiariodesanpedro.com.ar\/sitio\/?p=42771"},"modified":"2018-10-31T10:35:14","modified_gmt":"2018-10-31T13:35:14","slug":"baradero-anuncian-la-realizacion-de-baradero-rock-en-marzo-2019","status":"publish","type":"post","link":"https:\/\/eldiariodesanpedro.com.ar\/sitio\/baradero-anuncian-la-realizacion-de-baradero-rock-en-marzo-2019\/","title":{"rendered":"BARADERO: Anuncian la realizaci\u00f3n de Baradero Rock en marzo 2019"},"content":{"rendered":"<p><!-- VideographyWP Plugin Message: Automatic video embedding prevented by plugin options. --><br \/>\nLa empresa Gonna Go producciones comenz\u00f3 con la difusi\u00f3n de lo que ser\u00e1 el espect\u00e1culo en Baradero. Esta edici\u00f3n se realizar\u00e1 en Marzo de 2019 en el Anfiteatro Municipal. Ser\u00e1 la quinta que se realiza en la ciudad. A\u00fan no se conocen los artistas que van a actuar.<br \/>\n\u201c\u00a1VOLVEMOS! 2, 3 y 4 de marzo 2019 son los d\u00edas elegidos para el regreso del ritual\u201d, dice la publicaci\u00f3n que comenz\u00f3 a circular en la fan page de Facebook: Rock en Baradero.<\/p>\n<p>\u201cLa ceremonia del verano reunir\u00e1 nuevamente los estilos musicales de la escena nacional para confluir en una experiencia sin igual\u201d, agrega la publicaci\u00f3n.<\/p>\n<p>\u201cPreventa disponible a trav\u00e9s de Livepass\u201d, se\u00f1ala.<\/p>\n<p>Fuente: Tu Linea Directa<\/p>\n","protected":false},"excerpt":{"rendered":"<p>La empresa Gonna Go producciones comenz\u00f3 con la difusi\u00f3n de lo que ser\u00e1 el espect\u00e1culo en Baradero. Esta edici\u00f3n se realizar\u00e1 en Marzo de 2019 en el Anfiteatro Municipal. Ser\u00e1 la quinta que se realiza en la ciudad. A\u00fan no se conocen los artistas que van a actuar. \u201c\u00a1VOLVEMOS! 2, 3 y 4 de marzo [&hellip;]<\/p>\n","protected":false},"author":4,"featured_media":42775,"comment_status":"open","ping_status":"closed","sticky":false,"template":"","format":"standard","meta":{"om_disable_all_campaigns":false,"_jetpack_memberships_contains_paid_content":false,"footnotes":""},"categories":[621],"tags":[],"class_list":["post-42771","post","type-post","status-publish","format-standard","has-post-thumbnail","hentry","category-regionales"],"aioseo_notices":[],"gutentor_comment":0,"jetpack_featured_media_url":"https:\/\/eldiariodesanpedro.com.ar\/sitio\/wp-content\/uploads\/2018\/10\/30738835_1917438848298580_630406134009815791_n-681x454.jpg","jetpack_shortlink":"https:\/\/wp.me\/p6RhLt-b7R","jetpack_sharing_enabled":true,"_links":{"self":[{"href":"https:\/\/eldiariodesanpedro.com.ar\/sitio\/wp-json\/wp\/v2\/posts\/42771","targetHints":{"allow":["GET"]}}],"collection":[{"href":"https:\/\/eldiariodesanpedro.com.ar\/sitio\/wp-json\/wp\/v2\/posts"}],"about":[{"href":"https:\/\/eldiariodesanpedro.com.ar\/sitio\/wp-json\/wp\/v2\/types\/post"}],"author":[{"embeddable":true,"href":"https:\/\/eldiariodesanpedro.com.ar\/sitio\/wp-json\/wp\/v2\/users\/4"}],"replies":[{"embeddable":true,"href":"https:\/\/eldiariodesanpedro.com.ar\/sitio\/wp-json\/wp\/v2\/comments?post=42771"}],"version-history":[{"count":1,"href":"https:\/\/eldiariodesanpedro.com.ar\/sitio\/wp-json\/wp\/v2\/posts\/42771\/revisions"}],"predecessor-version":[{"id":42776,"href":"https:\/\/eldiariodesanpedro.com.ar\/sitio\/wp-json\/wp\/v2\/posts\/42771\/revisions\/42776"}],"wp:featuredmedia":[{"embeddable":true,"href":"https:\/\/eldiariodesanpedro.com.ar\/sitio\/wp-json\/wp\/v2\/media\/42775"}],"wp:attachment":[{"href":"https:\/\/eldiariodesanpedro.com.ar\/sitio\/wp-json\/wp\/v2\/media?parent=42771"}],"wp:term":[{"taxonomy":"category","embeddable":true,"href":"https:\/\/eldiariodesanpedro.com.ar\/sitio\/wp-json\/wp\/v2\/categories?post=42771"},{"taxonomy":"post_tag","embeddable":true,"href":"https:\/\/eldiariodesanpedro.com.ar\/sitio\/wp-json\/wp\/v2\/tags?post=42771"}],"curies":[{"name":"wp","href":"https:\/\/api.w.org\/{rel}","templated":true}]}}