{"id":42767,"date":"2018-10-31T10:27:38","date_gmt":"2018-10-31T13:27:38","guid":{"rendered":"https:\/\/eldiariodesanpedro.com.ar\/sitio\/?p=42767"},"modified":"2018-10-31T10:29:39","modified_gmt":"2018-10-31T13:29:39","slug":"san-nicolas-el-municipio-de-san-nicolas-avanza-en-la-creacion-del-polo-universitario","status":"publish","type":"post","link":"https:\/\/eldiariodesanpedro.com.ar\/sitio\/san-nicolas-el-municipio-de-san-nicolas-avanza-en-la-creacion-del-polo-universitario\/","title":{"rendered":"SAN NICOL\u00c1S: El municipio de San Nicol\u00e1s avanza en la creaci\u00f3n del polo universitario"},"content":{"rendered":"<p><!-- VideographyWP Plugin Message: Automatic video embedding prevented by plugin options. --><br \/>\nLa decisi\u00f3n de crear el Polo Universitario San Nicol\u00e1s se materializa con la puesta en marcha de la oficina administrativa, que ser\u00e1 en Lavalle 114, al lado del Concejo Deliberante.<br \/>\nAll\u00ed, a partir de mediados de noviembre, todos los nicole\u00f1os podr\u00e1n inscribirse a las nuevas carreras y averiguar sobre la oferta educativa de nivel terciario y universitario de la ciudad, centralizando en un solo espacio todas las opciones de estudio para que cada vez m\u00e1s j\u00f3venes elijan estudiar en San Nicol\u00e1s.<\/p>\n<p>Adem\u00e1s, all\u00ed funcionar\u00e1 una sede del Centro de Orientaci\u00f3n e Informaci\u00f3n Vocacional, para que todos los j\u00f3venes en edad escolar pueden realizar los procesos vocacionales orientadores; y se tendr\u00e1 contacto directo con la Jefatura Distrital de Educaci\u00f3n, la Federaci\u00f3n de Comercio e Industria y las instituciones educativas de la ciudad.<\/p>\n<p>El objetivo es que haya un acuerdo entre la oferta universitaria y la demanda del mercado, para asegurar carreras con salida laboral y que tengan relaci\u00f3n con la matriz productiva de la ciudad. Desde la administraci\u00f3n municipal aseguran que las nuevas carreras que abran van a estar basadas en una decisi\u00f3n estrat\u00e9gica que vaya de acuerdo con las necesidades de la ciudad, para ir renovando la oferta profesional en relaci\u00f3n a la demanda genuina de empresas, instituciones y el mercado laboral.<\/p>\n<p>Fuente: Diario El Norte<\/p>\n","protected":false},"excerpt":{"rendered":"<p>La decisi\u00f3n de crear el Polo Universitario San Nicol\u00e1s se materializa con la puesta en marcha de la oficina administrativa, que ser\u00e1 en Lavalle 114, al lado del Concejo Deliberante. All\u00ed, a partir de mediados de noviembre, todos los nicole\u00f1os podr\u00e1n inscribirse a las nuevas carreras y averiguar sobre la oferta educativa de nivel terciario [&hellip;]<\/p>\n","protected":false},"author":4,"featured_media":42770,"comment_status":"open","ping_status":"closed","sticky":false,"template":"","format":"standard","meta":{"om_disable_all_campaigns":false,"_jetpack_memberships_contains_paid_content":false,"footnotes":""},"categories":[621],"tags":[],"class_list":["post-42767","post","type-post","status-publish","format-standard","has-post-thumbnail","hentry","category-regionales"],"aioseo_notices":[],"gutentor_comment":0,"jetpack_featured_media_url":"https:\/\/eldiariodesanpedro.com.ar\/sitio\/wp-content\/uploads\/2018\/10\/0_12.jpg","jetpack_shortlink":"https:\/\/wp.me\/p6RhLt-b7N","jetpack_sharing_enabled":true,"_links":{"self":[{"href":"https:\/\/eldiariodesanpedro.com.ar\/sitio\/wp-json\/wp\/v2\/posts\/42767","targetHints":{"allow":["GET"]}}],"collection":[{"href":"https:\/\/eldiariodesanpedro.com.ar\/sitio\/wp-json\/wp\/v2\/posts"}],"about":[{"href":"https:\/\/eldiariodesanpedro.com.ar\/sitio\/wp-json\/wp\/v2\/types\/post"}],"author":[{"embeddable":true,"href":"https:\/\/eldiariodesanpedro.com.ar\/sitio\/wp-json\/wp\/v2\/users\/4"}],"replies":[{"embeddable":true,"href":"https:\/\/eldiariodesanpedro.com.ar\/sitio\/wp-json\/wp\/v2\/comments?post=42767"}],"version-history":[{"count":1,"href":"https:\/\/eldiariodesanpedro.com.ar\/sitio\/wp-json\/wp\/v2\/posts\/42767\/revisions"}],"predecessor-version":[{"id":42769,"href":"https:\/\/eldiariodesanpedro.com.ar\/sitio\/wp-json\/wp\/v2\/posts\/42767\/revisions\/42769"}],"wp:featuredmedia":[{"embeddable":true,"href":"https:\/\/eldiariodesanpedro.com.ar\/sitio\/wp-json\/wp\/v2\/media\/42770"}],"wp:attachment":[{"href":"https:\/\/eldiariodesanpedro.com.ar\/sitio\/wp-json\/wp\/v2\/media?parent=42767"}],"wp:term":[{"taxonomy":"category","embeddable":true,"href":"https:\/\/eldiariodesanpedro.com.ar\/sitio\/wp-json\/wp\/v2\/categories?post=42767"},{"taxonomy":"post_tag","embeddable":true,"href":"https:\/\/eldiariodesanpedro.com.ar\/sitio\/wp-json\/wp\/v2\/tags?post=42767"}],"curies":[{"name":"wp","href":"https:\/\/api.w.org\/{rel}","templated":true}]}}