{"id":42759,"date":"2018-10-31T10:20:22","date_gmt":"2018-10-31T13:20:22","guid":{"rendered":"https:\/\/eldiariodesanpedro.com.ar\/sitio\/?p=42759"},"modified":"2018-10-31T10:20:22","modified_gmt":"2018-10-31T13:20:22","slug":"baradero-encontraron-una-yarara-en-el-puerto-de-baradero","status":"publish","type":"post","link":"https:\/\/eldiariodesanpedro.com.ar\/sitio\/baradero-encontraron-una-yarara-en-el-puerto-de-baradero\/","title":{"rendered":"BARADERO: Encontraron una yarar\u00e1 en el Puerto de Baradero"},"content":{"rendered":"<p><!-- VideographyWP Plugin Message: Automatic video embedding prevented by plugin options. --><br \/>\nFue ayer cuando una familia se encontraba pescando y pudo observar que la especie surcaba las aguas del r\u00edo Baradero. Se dio intervenci\u00f3n al personal de prefectura. Capturaron la especie y la trasladaron al Parque del Este.<\/p>\n<p>\u201cNos pegamos un susto tremendo\u201d, dijo Mercedes la vecina que avist\u00f3 la v\u00edbora.<\/p>\n<p>En di\u00e1logo con Tu Radio expres\u00f3: \u201clas personas que estaban pescando en el lugar nos dec\u00edan que tengamos cuidados porque estaba arrollada\u201d.<\/p>\n<p>Se sabe que es una \u00e9poca y una zona propensa para la aparici\u00f3n de las mismas por lo cu\u00e1l se recomend\u00f3 precauci\u00f3n si se llegan a encontrar.<\/p>\n<p>Fuente: Tu Linea Directa<\/p>\n","protected":false},"excerpt":{"rendered":"<p>Fue ayer cuando una familia se encontraba pescando y pudo observar que la especie surcaba las aguas del r\u00edo Baradero. Se dio intervenci\u00f3n al personal de prefectura. Capturaron la especie y la trasladaron al Parque del Este. \u201cNos pegamos un susto tremendo\u201d, dijo Mercedes la vecina que avist\u00f3 la v\u00edbora. En di\u00e1logo con Tu Radio [&hellip;]<\/p>\n","protected":false},"author":4,"featured_media":42760,"comment_status":"open","ping_status":"closed","sticky":false,"template":"","format":"standard","meta":{"om_disable_all_campaigns":false,"_jetpack_memberships_contains_paid_content":false,"footnotes":""},"categories":[621],"tags":[],"class_list":["post-42759","post","type-post","status-publish","format-standard","has-post-thumbnail","hentry","category-regionales"],"aioseo_notices":[],"gutentor_comment":0,"jetpack_featured_media_url":"https:\/\/eldiariodesanpedro.com.ar\/sitio\/wp-content\/uploads\/2018\/10\/44987623_691101137912500_1396468514184757248_n-681x511.jpg","jetpack_shortlink":"https:\/\/wp.me\/p6RhLt-b7F","jetpack_sharing_enabled":true,"_links":{"self":[{"href":"https:\/\/eldiariodesanpedro.com.ar\/sitio\/wp-json\/wp\/v2\/posts\/42759","targetHints":{"allow":["GET"]}}],"collection":[{"href":"https:\/\/eldiariodesanpedro.com.ar\/sitio\/wp-json\/wp\/v2\/posts"}],"about":[{"href":"https:\/\/eldiariodesanpedro.com.ar\/sitio\/wp-json\/wp\/v2\/types\/post"}],"author":[{"embeddable":true,"href":"https:\/\/eldiariodesanpedro.com.ar\/sitio\/wp-json\/wp\/v2\/users\/4"}],"replies":[{"embeddable":true,"href":"https:\/\/eldiariodesanpedro.com.ar\/sitio\/wp-json\/wp\/v2\/comments?post=42759"}],"version-history":[{"count":1,"href":"https:\/\/eldiariodesanpedro.com.ar\/sitio\/wp-json\/wp\/v2\/posts\/42759\/revisions"}],"predecessor-version":[{"id":42761,"href":"https:\/\/eldiariodesanpedro.com.ar\/sitio\/wp-json\/wp\/v2\/posts\/42759\/revisions\/42761"}],"wp:featuredmedia":[{"embeddable":true,"href":"https:\/\/eldiariodesanpedro.com.ar\/sitio\/wp-json\/wp\/v2\/media\/42760"}],"wp:attachment":[{"href":"https:\/\/eldiariodesanpedro.com.ar\/sitio\/wp-json\/wp\/v2\/media?parent=42759"}],"wp:term":[{"taxonomy":"category","embeddable":true,"href":"https:\/\/eldiariodesanpedro.com.ar\/sitio\/wp-json\/wp\/v2\/categories?post=42759"},{"taxonomy":"post_tag","embeddable":true,"href":"https:\/\/eldiariodesanpedro.com.ar\/sitio\/wp-json\/wp\/v2\/tags?post=42759"}],"curies":[{"name":"wp","href":"https:\/\/api.w.org\/{rel}","templated":true}]}}