{"id":42756,"date":"2018-10-31T10:04:28","date_gmt":"2018-10-31T13:04:28","guid":{"rendered":"https:\/\/eldiariodesanpedro.com.ar\/sitio\/?p=42756"},"modified":"2018-10-31T10:04:28","modified_gmt":"2018-10-31T13:04:28","slug":"comenzo-el-juicio-contra-la-banda-del-gaby-mendoza","status":"publish","type":"post","link":"https:\/\/eldiariodesanpedro.com.ar\/sitio\/comenzo-el-juicio-contra-la-banda-del-gaby-mendoza\/","title":{"rendered":"Comenz\u00f3 el juicio contra la banda del \u201cGaby\u201d Mendoza"},"content":{"rendered":"<p><!-- VideographyWP Plugin Message: Automatic video embedding prevented by plugin options. --><br \/>\nEl joven con frondosos antecedentes afronta el debate desde el martes junto a otros tres c\u00f3mplices. Entre los delitos que se le imputan a la banda sobresale el intento de homicidio contra un hombre que hab\u00eda asesinado a un amigo ese mismo mes.<\/p>\n<p>Comenz\u00f3 el martes en los Tribunales de San Nicol\u00e1s, el juicio oral y p\u00fablico contra una banda compuesta por cuatro integrantes que en 2014 cometieron distintos il\u00edcitos. El jueves se reanuda la audiencias y all\u00ed podr\u00edan conocerse los alegatos como previa de la condena que podr\u00edan recibir. <\/p>\n<p>Gabriel Mendoza, Carlos Escobar, Carlos Dami\u00e1n Bustamante y Carlos Paz permanecen detenidos desde aquel momento. Para la justicia \u201cGaby\u201d Mendoza es quien lideraba el grupo y adem\u00e1s, de los cuatro imputados fue el \u00faltimo en ser detenido cuando una comisi\u00f3n policial logr\u00f3 capturarlo en el transcurso del a\u00f1o 2014 en una vivienda del barrio Las Flores, en Rosario, donde se ocult\u00f3 por algunos meses.<\/p>\n<p>Todos los imputados afrontan una causa caratulada como \u201cHomicidio calificado en grado de tentativa y portaci\u00f3n de arma de guerra\u201d. Por haber atacado a tiros a Pedro Lineros en marzo de 2014, en represalia del asesinato de Gast\u00f3n \u201cChizito\u201d Cabrera quien muri\u00f3 unos d\u00edas antes. A su vez, Lineros, quien es el \u00fanico responsable del asesinato de Cabrera, fue favorecido con una medida de arresto domiciliario y a pesar de los pedidos de los fiscales para que se le revoque el beneficio no se hizo lugar a la solicitud.<\/p>\n<p>Mientras tanto, a Mendoza tambi\u00e9n se lo buscar\u00e1 penar por un hecho caratulado como robo calificado por el uso de arma de fuego cuya actitud para disparo no se pudo acreditar y otra por robo calificado en grado de tentativa.<\/p>\n<p>A Carlos Escobar tambi\u00e9n se le imputa un hecho de hurto y se le sumar\u00e1 en el momento del juicio.<\/p>\n<p>En el caso de Gabriel Mendoza, considerado uno de los delincuentes m\u00e1s peligrosos de la ciudad, permanece detenido desde el 18 de mayo de 2014, pero entre los antecedentes m\u00e1s significativos que se le adjudicaron aparece como el protagonista del asesinato de Daniel Pereyra (15 a\u00f1os) cuando reci\u00e9n ten\u00eda 12 a\u00f1os. El hecho aconteci\u00f3 el 1 de febrero de 2004 en el boliche Terra Media.<\/p>\n<p>Tambi\u00e9n fue uno de los responsables del grave hecho acontecido en la casa de la familia Incisa el 6 de octubre de 2006.<\/p>\n<p>En julio de 2009 fue condenado a tres a\u00f1os y seis meses de prisi\u00f3n por una causa caratulada como portaci\u00f3n ilegal de arma de fuego de grueso calibre. A la vez se le imput\u00f3 otra causa por  portaci\u00f3n ilegal de arma de fuego cuando fue interceptado en la v\u00eda p\u00fablica llevando entre sus ropas un rev\u00f3lver calibre 38.<\/p>\n<p>A\u00f1os despu\u00e9s fue hallado responsable del asalto a la familia Gorosito y la entradera cometida a la familia Lavanchi en Santa Luc\u00eda. <\/p>\n","protected":false},"excerpt":{"rendered":"<p>El joven con frondosos antecedentes afronta el debate desde el martes junto a otros tres c\u00f3mplices. Entre los delitos que se le imputan a la banda sobresale el intento de homicidio contra un hombre que hab\u00eda asesinado a un amigo ese mismo mes. Comenz\u00f3 el martes en los Tribunales de San Nicol\u00e1s, el juicio oral [&hellip;]<\/p>\n","protected":false},"author":4,"featured_media":42757,"comment_status":"open","ping_status":"closed","sticky":false,"template":"","format":"standard","meta":{"om_disable_all_campaigns":false,"_jetpack_memberships_contains_paid_content":false,"footnotes":""},"categories":[101,2],"tags":[],"class_list":["post-42756","post","type-post","status-publish","format-standard","has-post-thumbnail","hentry","category-interes-general-locales","category-locales"],"aioseo_notices":[],"gutentor_comment":0,"jetpack_featured_media_url":"https:\/\/eldiariodesanpedro.com.ar\/sitio\/wp-content\/uploads\/2018\/10\/000073202.jpg","jetpack_shortlink":"https:\/\/wp.me\/p6RhLt-b7C","jetpack_sharing_enabled":true,"_links":{"self":[{"href":"https:\/\/eldiariodesanpedro.com.ar\/sitio\/wp-json\/wp\/v2\/posts\/42756","targetHints":{"allow":["GET"]}}],"collection":[{"href":"https:\/\/eldiariodesanpedro.com.ar\/sitio\/wp-json\/wp\/v2\/posts"}],"about":[{"href":"https:\/\/eldiariodesanpedro.com.ar\/sitio\/wp-json\/wp\/v2\/types\/post"}],"author":[{"embeddable":true,"href":"https:\/\/eldiariodesanpedro.com.ar\/sitio\/wp-json\/wp\/v2\/users\/4"}],"replies":[{"embeddable":true,"href":"https:\/\/eldiariodesanpedro.com.ar\/sitio\/wp-json\/wp\/v2\/comments?post=42756"}],"version-history":[{"count":1,"href":"https:\/\/eldiariodesanpedro.com.ar\/sitio\/wp-json\/wp\/v2\/posts\/42756\/revisions"}],"predecessor-version":[{"id":42758,"href":"https:\/\/eldiariodesanpedro.com.ar\/sitio\/wp-json\/wp\/v2\/posts\/42756\/revisions\/42758"}],"wp:featuredmedia":[{"embeddable":true,"href":"https:\/\/eldiariodesanpedro.com.ar\/sitio\/wp-json\/wp\/v2\/media\/42757"}],"wp:attachment":[{"href":"https:\/\/eldiariodesanpedro.com.ar\/sitio\/wp-json\/wp\/v2\/media?parent=42756"}],"wp:term":[{"taxonomy":"category","embeddable":true,"href":"https:\/\/eldiariodesanpedro.com.ar\/sitio\/wp-json\/wp\/v2\/categories?post=42756"},{"taxonomy":"post_tag","embeddable":true,"href":"https:\/\/eldiariodesanpedro.com.ar\/sitio\/wp-json\/wp\/v2\/tags?post=42756"}],"curies":[{"name":"wp","href":"https:\/\/api.w.org\/{rel}","templated":true}]}}