{"id":42750,"date":"2018-10-31T09:13:13","date_gmt":"2018-10-31T12:13:13","guid":{"rendered":"https:\/\/eldiariodesanpedro.com.ar\/sitio\/?p=42750"},"modified":"2018-10-31T09:13:13","modified_gmt":"2018-10-31T12:13:13","slug":"paro-municipal-efectivos-policiales-custodian-el-palacio-se-espera-una-movilizacion-de-los-gremios","status":"publish","type":"post","link":"https:\/\/eldiariodesanpedro.com.ar\/sitio\/paro-municipal-efectivos-policiales-custodian-el-palacio-se-espera-una-movilizacion-de-los-gremios\/","title":{"rendered":"Paro Municipal: Efectivos Policiales custodian el Palacio, se espera una movilizaci\u00f3n de los Gremios"},"content":{"rendered":"<p><!-- VideographyWP Plugin Message: Automatic video embedding prevented by plugin options. --><br \/>\nNuevamente los gremios ATE y STM, encabezaran una movilizaci\u00f3n frente a las puertas de la Municipalidad con la presencia de dirigentes provinciales de la CTA, ATE y FESIMUBO para pedir por una recomposici\u00f3n salarial acorde a la inflaci\u00f3n, entre otros puntos en la agenda de los trabajadores. Desde temprano mas de 30 efectivos policiales custodian el Palacio.<\/p>\n<p>La situaci\u00f3n entre los gremialistas y el Ejecutivo se ha tornado cada vez m\u00e1s tensa, no s\u00f3lo siguen los fuertes cruces sino que tambi\u00e9n esta semana aparecieron panfletos que piden al Intendente que mande a los sindicalistas a trabajar y otro acus\u00e1ndolos de un auto robo, donde Juan Cruz Acosta de Municipales aclar\u00f3 que fue hace muchos a\u00f1os cuando a un compa\u00f1ero lo asaltaron, lo lastimaron y le robaron 80 mil pesos, tambi\u00e9n en el panfleto, pone adem\u00e1s el acento en la quita de los c\u00f3digos de descuento al Sindicato de Trabajadores Municipales, algo en lo que el Ejecutivo de Cecilio Salazar pretende avanzar y que podr\u00eda derivar en un conflicto a\u00fan mayor.<\/p>\n<p><img decoding=\"async\" data-attachment-id=\"42752\" data-permalink=\"https:\/\/eldiariodesanpedro.com.ar\/sitio\/paro-municipal-efectivos-policiales-custodian-el-palacio-se-espera-una-movilizacion-de-los-gremios\/whatsapp-image-2018-10-30-at-09-04-18\/\" data-orig-file=\"https:\/\/eldiariodesanpedro.com.ar\/sitio\/wp-content\/uploads\/2018\/10\/WhatsApp-Image-2018-10-30-at-09.04.18-e1540987578759.jpeg\" data-orig-size=\"500,667\" data-comments-opened=\"1\" data-image-meta=\"{&quot;aperture&quot;:&quot;0&quot;,&quot;credit&quot;:&quot;&quot;,&quot;camera&quot;:&quot;&quot;,&quot;caption&quot;:&quot;&quot;,&quot;created_timestamp&quot;:&quot;0&quot;,&quot;copyright&quot;:&quot;&quot;,&quot;focal_length&quot;:&quot;0&quot;,&quot;iso&quot;:&quot;0&quot;,&quot;shutter_speed&quot;:&quot;0&quot;,&quot;title&quot;:&quot;&quot;,&quot;orientation&quot;:&quot;0&quot;}\" data-image-title=\"WhatsApp Image 2018-10-30 at 09.04.18\" data-image-description=\"\" data-image-caption=\"\" data-large-file=\"https:\/\/eldiariodesanpedro.com.ar\/sitio\/wp-content\/uploads\/2018\/10\/WhatsApp-Image-2018-10-30-at-09.04.18-768x1024.jpeg\" data-src=\"https:\/\/eldiariodesanpedro.com.ar\/sitio\/wp-content\/uploads\/2018\/10\/WhatsApp-Image-2018-10-30-at-09.04.18-768x1024.jpeg\" alt=\"\" width=\"660\" height=\"880\" class=\"alignnone size-large wp-image-42752 lazyload\" src=\"data:image\/svg+xml;base64,PHN2ZyB3aWR0aD0iMSIgaGVpZ2h0PSIxIiB4bWxucz0iaHR0cDovL3d3dy53My5vcmcvMjAwMC9zdmciPjwvc3ZnPg==\" style=\"--smush-placeholder-width: 660px; --smush-placeholder-aspect-ratio: 660\/880;\" \/><\/p>\n<p>Los Sindicatos por otro lado, rechazaron un incremento de 1000 pesos en el presentismo que otorg\u00f3 el Ejecutivo ya que no afecta el b\u00e1sico.<\/p>\n<p>Desde la sede de ATE mandaron un comunicado convocando a la gente a una movilizaci\u00f3n en las puertas de la misma desde las 9:30 para luego arribar hacia el Palacio Municipal. <\/p>\n<p><img decoding=\"async\" data-attachment-id=\"42751\" data-permalink=\"https:\/\/eldiariodesanpedro.com.ar\/sitio\/paro-municipal-efectivos-policiales-custodian-el-palacio-se-espera-una-movilizacion-de-los-gremios\/whatsapp-image-2018-10-31-at-07-26-48\/\" data-orig-file=\"https:\/\/eldiariodesanpedro.com.ar\/sitio\/wp-content\/uploads\/2018\/10\/WhatsApp-Image-2018-10-31-at-07.26.48.jpeg\" data-orig-size=\"639,438\" data-comments-opened=\"1\" data-image-meta=\"{&quot;aperture&quot;:&quot;0&quot;,&quot;credit&quot;:&quot;&quot;,&quot;camera&quot;:&quot;&quot;,&quot;caption&quot;:&quot;&quot;,&quot;created_timestamp&quot;:&quot;0&quot;,&quot;copyright&quot;:&quot;&quot;,&quot;focal_length&quot;:&quot;0&quot;,&quot;iso&quot;:&quot;0&quot;,&quot;shutter_speed&quot;:&quot;0&quot;,&quot;title&quot;:&quot;&quot;,&quot;orientation&quot;:&quot;0&quot;}\" data-image-title=\"WhatsApp Image 2018-10-31 at 07.26.48\" data-image-description=\"\" data-image-caption=\"\" data-large-file=\"https:\/\/eldiariodesanpedro.com.ar\/sitio\/wp-content\/uploads\/2018\/10\/WhatsApp-Image-2018-10-31-at-07.26.48.jpeg\" data-src=\"https:\/\/eldiariodesanpedro.com.ar\/sitio\/wp-content\/uploads\/2018\/10\/WhatsApp-Image-2018-10-31-at-07.26.48.jpeg\" alt=\"\" width=\"639\" height=\"438\" class=\"alignnone size-full wp-image-42751 lazyload\" data-srcset=\"https:\/\/eldiariodesanpedro.com.ar\/sitio\/wp-content\/uploads\/2018\/10\/WhatsApp-Image-2018-10-31-at-07.26.48.jpeg 639w, https:\/\/eldiariodesanpedro.com.ar\/sitio\/wp-content\/uploads\/2018\/10\/WhatsApp-Image-2018-10-31-at-07.26.48-300x206.jpeg 300w, https:\/\/eldiariodesanpedro.com.ar\/sitio\/wp-content\/uploads\/2018\/10\/WhatsApp-Image-2018-10-31-at-07.26.48-130x90.jpeg 130w\" data-sizes=\"(max-width: 639px) 100vw, 639px\" src=\"data:image\/svg+xml;base64,PHN2ZyB3aWR0aD0iMSIgaGVpZ2h0PSIxIiB4bWxucz0iaHR0cDovL3d3dy53My5vcmcvMjAwMC9zdmciPjwvc3ZnPg==\" style=\"--smush-placeholder-width: 639px; --smush-placeholder-aspect-ratio: 639\/438;\" \/><\/p>\n","protected":false},"excerpt":{"rendered":"<p>Nuevamente los gremios ATE y STM, encabezaran una movilizaci\u00f3n frente a las puertas de la Municipalidad con la presencia de dirigentes provinciales de la CTA, ATE y FESIMUBO para pedir por una recomposici\u00f3n salarial acorde a la inflaci\u00f3n, entre otros puntos en la agenda de los trabajadores. Desde temprano mas de 30 efectivos policiales custodian [&hellip;]<\/p>\n","protected":false},"author":4,"featured_media":42753,"comment_status":"open","ping_status":"closed","sticky":false,"template":"","format":"standard","meta":{"om_disable_all_campaigns":false,"_jetpack_memberships_contains_paid_content":false,"footnotes":""},"categories":[50,101,2],"tags":[],"class_list":["post-42750","post","type-post","status-publish","format-standard","has-post-thumbnail","hentry","category-destacadas","category-interes-general-locales","category-locales"],"aioseo_notices":[],"gutentor_comment":0,"jetpack_featured_media_url":"https:\/\/eldiariodesanpedro.com.ar\/sitio\/wp-content\/uploads\/2018\/10\/44658290_881740712035069_1011817930419077120_n.jpg","jetpack_shortlink":"https:\/\/wp.me\/p6RhLt-b7w","jetpack_sharing_enabled":true,"_links":{"self":[{"href":"https:\/\/eldiariodesanpedro.com.ar\/sitio\/wp-json\/wp\/v2\/posts\/42750","targetHints":{"allow":["GET"]}}],"collection":[{"href":"https:\/\/eldiariodesanpedro.com.ar\/sitio\/wp-json\/wp\/v2\/posts"}],"about":[{"href":"https:\/\/eldiariodesanpedro.com.ar\/sitio\/wp-json\/wp\/v2\/types\/post"}],"author":[{"embeddable":true,"href":"https:\/\/eldiariodesanpedro.com.ar\/sitio\/wp-json\/wp\/v2\/users\/4"}],"replies":[{"embeddable":true,"href":"https:\/\/eldiariodesanpedro.com.ar\/sitio\/wp-json\/wp\/v2\/comments?post=42750"}],"version-history":[{"count":1,"href":"https:\/\/eldiariodesanpedro.com.ar\/sitio\/wp-json\/wp\/v2\/posts\/42750\/revisions"}],"predecessor-version":[{"id":42754,"href":"https:\/\/eldiariodesanpedro.com.ar\/sitio\/wp-json\/wp\/v2\/posts\/42750\/revisions\/42754"}],"wp:featuredmedia":[{"embeddable":true,"href":"https:\/\/eldiariodesanpedro.com.ar\/sitio\/wp-json\/wp\/v2\/media\/42753"}],"wp:attachment":[{"href":"https:\/\/eldiariodesanpedro.com.ar\/sitio\/wp-json\/wp\/v2\/media?parent=42750"}],"wp:term":[{"taxonomy":"category","embeddable":true,"href":"https:\/\/eldiariodesanpedro.com.ar\/sitio\/wp-json\/wp\/v2\/categories?post=42750"},{"taxonomy":"post_tag","embeddable":true,"href":"https:\/\/eldiariodesanpedro.com.ar\/sitio\/wp-json\/wp\/v2\/tags?post=42750"}],"curies":[{"name":"wp","href":"https:\/\/api.w.org\/{rel}","templated":true}]}}