{"id":42747,"date":"2018-10-30T20:38:36","date_gmt":"2018-10-30T23:38:36","guid":{"rendered":"https:\/\/eldiariodesanpedro.com.ar\/sitio\/?p=42747"},"modified":"2026-01-24T00:09:10","modified_gmt":"2026-01-24T03:09:10","slug":"karate-un-torneo-sudamericano-de-muy-buen-nivel-se-llevo-a-cabo-en-san-pedro","status":"publish","type":"post","link":"https:\/\/eldiariodesanpedro.com.ar\/sitio\/karate-un-torneo-sudamericano-de-muy-buen-nivel-se-llevo-a-cabo-en-san-pedro\/","title":{"rendered":"KARATE: Un torneo Sudamericano de muy buen nivel se llev\u00f3 a cabo en San Pedro"},"content":{"rendered":"<p><!-- VideographyWP Plugin Message: Automatic video embedding prevented by plugin options. --><br \/>\nEl pasado fin de semana se realiz\u00f3 el campeonato Sudamericano de Karate, con 360 atletas representando a Argentina, Brasil, Per\u00fa, Uruguay y Chile, adem\u00e1s la presencia del t\u00e9cnico de la Selecci\u00f3n de Jap\u00f3n, impartiendo ex\u00e1menes para cintos negros y un Seminario donde participaron 162 Atletas.<\/p>\n<p>Resultados de los sampedrinos fueron:<\/p>\n<p><strong>KATA<\/strong><\/p>\n<p><em>ORO<\/em><br \/>\nBRAVO JONATHAN<br \/>\nCAO ZAIR<br \/>\nJOSE NAIHARA<br \/>\nBARCALA MORENA<br \/>\nMICAELLI LAUTARO<\/p>\n<p><em>PLATA<\/em><br \/>\nFLAIMAN ROMINA<br \/>\nMENDEZ SERGIO<br \/>\nALZOGARAY ANGEL<br \/>\nGAUNA VALENTIN<br \/>\nCARDOZO ALUMINE<br \/>\nLLULL JUAN EMILIO<br \/>\nD DONNA AGUSTINA<br \/>\nPALERMO STEFANO<br \/>\nPASCUAL ROSARIO<br \/>\nFANEGO LARA<br \/>\nQUIROGA ELIAS<\/p>\n<p><em>BRONCE<\/em><br \/>\nBARCALA DELFINA<br \/>\nARTIGUEZ FRANCISCO<br \/>\nORIOLO JUAN MARTIN<br \/>\nCAMARAZA SANTINO<br \/>\nFLORES JOAQUIN<br \/>\nBRAVO LAUTARO<br \/>\nVERDON TIZIANO<br \/>\nATENCIO TIFFANY<br \/>\nPADILLA YACO<br \/>\nKULSINSKI SOFIA<br \/>\nALI CHIARA<br \/>\nGRACI MATEO<br \/>\nPIOLA CARLOS<br \/>\nJATIL MATIAS<br \/>\nFLORES ALEJANDRO<br \/>\nFIORE I\u00d1AKI<\/p>\n<p><em>EQUIPOS<\/em><br \/>\nMAYORES, MEDALLA DE PLATA<br \/>\nJUVENILES, MEDALLA DE BRONCE<br \/>\nCADETES, MEDALLA DE PLATA<br \/>\nCADETES, MEDALLA DE BRONCE<br \/>\nMENORES, MEDALLA DE ORO<\/p>\n<p><strong>KUMITE<\/strong><\/p>\n<p><em>ORO<\/em><br \/>\nJOSE NAIHARA<br \/>\nPICASO ONA<br \/>\nORIOLO JUAN MARTIN<br \/>\nMENDEZ SERGIO<br \/>\nFLAIMAN ROMINA<br \/>\nBRAVO JONATHAN<\/p>\n<p><em>PLATA<\/em><br \/>\nMICAELLI LAUTARO<br \/>\nKULSINSKI SOFIA<br \/>\nBARCALA MORENA<br \/>\nJATIL MATIAS<br \/>\nVERDON TIZIANO<br \/>\nBARCALA DELFINA<br \/>\nOLIVER FAUSTO<\/p>\n<p><em>BRONCE<\/em><br \/>\nCAMARAZA SANTINO<br \/>\nCARDOZO ALUMINE<br \/>\nPIOLA CARLOS<br \/>\nMOLINA NAHUEL<br \/>\nALI CHIARA<br \/>\nATENCIO TIFFANY<br \/>\nCAO ZAIR<br \/>\nARTEGUEZ FRANCISCO<br \/>\nLIZANDRO MARTINEZ<br \/>\nJATIL MATIAS<br \/>\nGALVAN FRANCISCO<\/p>\n","protected":false},"excerpt":{"rendered":"<p>El pasado fin de semana se realiz\u00f3 el campeonato Sudamericano de Karate, con 360 atletas representando a Argentina, Brasil, Per\u00fa, Uruguay y Chile, adem\u00e1s la presencia del t\u00e9cnico de la Selecci\u00f3n de Jap\u00f3n, impartiendo ex\u00e1menes para cintos negros y un Seminario donde participaron 162 Atletas. Resultados de los sampedrinos fueron: KATA ORO BRAVO JONATHAN CAO [&hellip;]<\/p>\n","protected":false},"author":4,"featured_media":42741,"comment_status":"open","ping_status":"closed","sticky":false,"template":"","format":"standard","meta":{"om_disable_all_campaigns":false,"_jetpack_memberships_contains_paid_content":false,"footnotes":""},"categories":[5],"tags":[],"class_list":["post-42747","post","type-post","status-publish","format-standard","has-post-thumbnail","hentry","category-deportes"],"aioseo_notices":[],"gutentor_comment":0,"jetpack_featured_media_url":"https:\/\/eldiariodesanpedro.com.ar\/sitio\/wp-content\/uploads\/2018\/10\/Importante-evento-organizado-por-la-ASK.jpg","jetpack_shortlink":"https:\/\/wp.me\/p6RhLt-b7t","jetpack_sharing_enabled":true,"_links":{"self":[{"href":"https:\/\/eldiariodesanpedro.com.ar\/sitio\/wp-json\/wp\/v2\/posts\/42747","targetHints":{"allow":["GET"]}}],"collection":[{"href":"https:\/\/eldiariodesanpedro.com.ar\/sitio\/wp-json\/wp\/v2\/posts"}],"about":[{"href":"https:\/\/eldiariodesanpedro.com.ar\/sitio\/wp-json\/wp\/v2\/types\/post"}],"author":[{"embeddable":true,"href":"https:\/\/eldiariodesanpedro.com.ar\/sitio\/wp-json\/wp\/v2\/users\/4"}],"replies":[{"embeddable":true,"href":"https:\/\/eldiariodesanpedro.com.ar\/sitio\/wp-json\/wp\/v2\/comments?post=42747"}],"version-history":[{"count":1,"href":"https:\/\/eldiariodesanpedro.com.ar\/sitio\/wp-json\/wp\/v2\/posts\/42747\/revisions"}],"predecessor-version":[{"id":42748,"href":"https:\/\/eldiariodesanpedro.com.ar\/sitio\/wp-json\/wp\/v2\/posts\/42747\/revisions\/42748"}],"wp:featuredmedia":[{"embeddable":true,"href":"https:\/\/eldiariodesanpedro.com.ar\/sitio\/wp-json\/wp\/v2\/media\/42741"}],"wp:attachment":[{"href":"https:\/\/eldiariodesanpedro.com.ar\/sitio\/wp-json\/wp\/v2\/media?parent=42747"}],"wp:term":[{"taxonomy":"category","embeddable":true,"href":"https:\/\/eldiariodesanpedro.com.ar\/sitio\/wp-json\/wp\/v2\/categories?post=42747"},{"taxonomy":"post_tag","embeddable":true,"href":"https:\/\/eldiariodesanpedro.com.ar\/sitio\/wp-json\/wp\/v2\/tags?post=42747"}],"curies":[{"name":"wp","href":"https:\/\/api.w.org\/{rel}","templated":true}]}}