{"id":42739,"date":"2018-10-30T20:35:10","date_gmt":"2018-10-30T23:35:10","guid":{"rendered":"https:\/\/eldiariodesanpedro.com.ar\/sitio\/?p=42739"},"modified":"2026-01-24T00:09:11","modified_gmt":"2026-01-24T03:09:11","slug":"ciclismo-apretados-finales-en-el-panoramico","status":"publish","type":"post","link":"https:\/\/eldiariodesanpedro.com.ar\/sitio\/ciclismo-apretados-finales-en-el-panoramico\/","title":{"rendered":"CICLISMO: Apretados finales en el Panor\u00e1mico"},"content":{"rendered":"<p><!-- VideographyWP Plugin Message: Automatic video embedding prevented by plugin options. --><br \/>\n  Se debi\u00f3 recurrir a la filmaci\u00f3n para la clasificaci\u00f3n; En primer lugar, en la competencia Master \u201cB-2\u201d y \u201cC\u201d, entre Rub\u00e9n Mallada y Juan Fontana; de similar manera en la de fondo, pero, por el tercer puesto entre Cristian Monz\u00f3n y Juan J. Paz, en ambos fallos se los proporcion\u00f3 igualados, esto demuestra a las claras, el nivel y la competitividad de ciclistas participantes, que ha conseguido Pro Ciclismo San Pedro a trav\u00e9s de sus correctas organizaciones, como as\u00ed tambi\u00e9n el p\u00fablico que habitualmente asiste, corrobora lo mencionado.<\/p>\n<p><strong>Participaron en Infantiles<\/strong><br \/>\nGregorio S\u00e1nchez Negrete, Ariel Zabala (Quilmes),  Just\u00edn Giuliani,  Laureano Cardoso,  Salvador Gru\u00f1eiro (San Nicol\u00e1s).<\/p>\n<p><strong>Resultados<\/strong><br \/>\n<em>PE\u00d1A CICLISTAS SAMPEDRINOS<\/em><br \/>\n1\u00ba Javier \u201cPinino\u201d Gorbar\u00e1n<br \/>\n2\u00ba Jos\u00e9 Eduardo Hepp<br \/>\n3\u00ba Daniel Chipolini<br \/>\n4\u00ba Rub\u00e9n \u201cPelusa\u201d Laurino<br \/>\n5\u00ba Ceferino \u201cChata\u201d Escobar<br \/>\n6\u00ba Luis Paz<\/p>\n<p><em>VALIENTES<\/em><br \/>\n1\u00ba H\u00e9ctor Dallochio<br \/>\n2\u00ba Calixto Boaglio<br \/>\n3\u00ba Oscar Berventan<\/p>\n<p><em>MENORES Y MAYORES ZONALES<\/em><br \/>\n1\u00ba Andr\u00e9s Chuliver (Chacabuco)<br \/>\n2\u00ba Luis Barraza (Pergamino)<br \/>\n3\u00ba Diego P\u00e9rez (Salto)<br \/>\n4\u00ba Santiago Gru\u00f1eiro (San Nicol\u00e1s)<\/p>\n<p><em>M\u00c1STER \u201cD\u201d Y DAMAS<\/em><br \/>\n1\u00ba Ra\u00fal Rearte (Col\u00f3n)<br \/>\n2\u00ba Rub\u00e9n Morales (San Pedro)<br \/>\n3\u00ba Jorge Canatta (San Pedro)<br \/>\n4\u00ba Rodolfo P\u00e9rez (Berazategui)<br \/>\n5\u00ba H\u00e9ctor Larguero (Lomas de Zamora)<\/p>\n<p><em>M\u00c1STER \u201cB-2\u201d y \u201cC\u201d<\/em><br \/>\n1\u00ba Rub\u00e9n Mallada (Z\u00e1rate)<br \/>\n1\u00ba Juan Fontana (Capit\u00e1n Sarmiento)<br \/>\n3\u00ba Jos\u00e9 Luis Pereyra (San Pedro)<br \/>\n4\u00ba Gustavo Paday (Capit\u00e1n Sarmiento)<br \/>\n5\u00ba Fernando \u201cPalomo\u201d Corval\u00e1n (San Pedro)<br \/>\n6\u00ba Gustavo Arp\u00eda (San Pedro)<br \/>\nGanador Sprint especial: Mario Fabrizzio<\/p>\n<p><em>M\u00c1STER \u201cB\u201d<\/em><br \/>\n1\u00ba Germ\u00e1n Iroz (Colon)<\/p>\n<p><em>PROMO M\u00c1STER \u201cA\u201d y \u201cB-1\u201d<\/em><br \/>\n1\u00ba Justin Joachim (La Luisa)<br \/>\n2\u00ba Mariano Manzo (San Pedro)<br \/>\n3\u00ba Cristian Monz\u00f3n (San Pedro)<br \/>\n3\u00ba Juan Jos\u00e9 Paz (San Pedro)<br \/>\n5\u00ba Jerem\u00edas Mu\u00f1oz (San Andr\u00e9s de Giles)<br \/>\nGanador Sprint especial: Germ\u00e1n Iroz (Col\u00f3n)  <\/p>\n","protected":false},"excerpt":{"rendered":"<p>Se debi\u00f3 recurrir a la filmaci\u00f3n para la clasificaci\u00f3n; En primer lugar, en la competencia Master \u201cB-2\u201d y \u201cC\u201d, entre Rub\u00e9n Mallada y Juan Fontana; de similar manera en la de fondo, pero, por el tercer puesto entre Cristian Monz\u00f3n y Juan J. Paz, en ambos fallos se los proporcion\u00f3 igualados, esto demuestra a las [&hellip;]<\/p>\n","protected":false},"author":4,"featured_media":42742,"comment_status":"open","ping_status":"closed","sticky":false,"template":"","format":"standard","meta":{"om_disable_all_campaigns":false,"_jetpack_memberships_contains_paid_content":false,"footnotes":""},"categories":[5],"tags":[],"class_list":["post-42739","post","type-post","status-publish","format-standard","has-post-thumbnail","hentry","category-deportes"],"aioseo_notices":[],"gutentor_comment":0,"jetpack_featured_media_url":"https:\/\/eldiariodesanpedro.com.ar\/sitio\/wp-content\/uploads\/2018\/10\/panoramico-Podio-Promo-y-Master-A.jpg","jetpack_shortlink":"https:\/\/wp.me\/p6RhLt-b7l","jetpack_sharing_enabled":true,"_links":{"self":[{"href":"https:\/\/eldiariodesanpedro.com.ar\/sitio\/wp-json\/wp\/v2\/posts\/42739","targetHints":{"allow":["GET"]}}],"collection":[{"href":"https:\/\/eldiariodesanpedro.com.ar\/sitio\/wp-json\/wp\/v2\/posts"}],"about":[{"href":"https:\/\/eldiariodesanpedro.com.ar\/sitio\/wp-json\/wp\/v2\/types\/post"}],"author":[{"embeddable":true,"href":"https:\/\/eldiariodesanpedro.com.ar\/sitio\/wp-json\/wp\/v2\/users\/4"}],"replies":[{"embeddable":true,"href":"https:\/\/eldiariodesanpedro.com.ar\/sitio\/wp-json\/wp\/v2\/comments?post=42739"}],"version-history":[{"count":1,"href":"https:\/\/eldiariodesanpedro.com.ar\/sitio\/wp-json\/wp\/v2\/posts\/42739\/revisions"}],"predecessor-version":[{"id":42745,"href":"https:\/\/eldiariodesanpedro.com.ar\/sitio\/wp-json\/wp\/v2\/posts\/42739\/revisions\/42745"}],"wp:featuredmedia":[{"embeddable":true,"href":"https:\/\/eldiariodesanpedro.com.ar\/sitio\/wp-json\/wp\/v2\/media\/42742"}],"wp:attachment":[{"href":"https:\/\/eldiariodesanpedro.com.ar\/sitio\/wp-json\/wp\/v2\/media?parent=42739"}],"wp:term":[{"taxonomy":"category","embeddable":true,"href":"https:\/\/eldiariodesanpedro.com.ar\/sitio\/wp-json\/wp\/v2\/categories?post=42739"},{"taxonomy":"post_tag","embeddable":true,"href":"https:\/\/eldiariodesanpedro.com.ar\/sitio\/wp-json\/wp\/v2\/tags?post=42739"}],"curies":[{"name":"wp","href":"https:\/\/api.w.org\/{rel}","templated":true}]}}