{"id":42732,"date":"2018-10-30T17:26:21","date_gmt":"2018-10-30T20:26:21","guid":{"rendered":"https:\/\/eldiariodesanpedro.com.ar\/sitio\/?p=42732"},"modified":"2018-10-30T17:26:21","modified_gmt":"2018-10-30T20:26:21","slug":"malvinas-identificaron-a-mateo-sbert-sargento-que-murio-en-la-historica-batalla-de-top-malo-house","status":"publish","type":"post","link":"https:\/\/eldiariodesanpedro.com.ar\/sitio\/malvinas-identificaron-a-mateo-sbert-sargento-que-murio-en-la-historica-batalla-de-top-malo-house\/","title":{"rendered":"Malvinas: Identificaron a Mateo Sbert sargento que muri\u00f3 en la hist\u00f3rica batalla de Top Malo House"},"content":{"rendered":"<p><!-- VideographyWP Plugin Message: Automatic video embedding prevented by plugin options. --><br \/>\nLa Secretar\u00eda de Derechos Humanos de la Naci\u00f3n confirm\u00f3 hoy que se logr\u00f3 identificar el cuerpo del soldado de Malvinas Mateo Antonio Sbert, quien<br \/>\nfalleci\u00f3 durante una hist\u00f3rica batalla y que estaba enterrado como \u00abSoldado argentino s\u00f3lo conocido por Dios\u00bb.<br \/>\nMateo Antonio Sbert naci\u00f3 el 7 de mayo de 1949 en la localidad de San Pedro, Buenos Aires. Ingres\u00f3 a la Escuela de Suboficiales \u00abSargento Cabral\u00bb en 1967.<\/p>\n<p>Ascendi\u00f3 al grado de Cabo del arma de Ingenieros en 1968. En 1977 fue destinado al ex-Instituto Geogr\u00e1fico Militar donde realiz\u00f3 el curso de t\u00e9cnico del Servicio Geogr\u00e1fico.<\/p>\n<p>En 1982 integr\u00f3 el contingente argentino que se traslad\u00f3 a las Islas Malvinas. En la madrugada del 31 de mayo cay\u00f3 en combate, en la batalla de recordada como \u00abTop Malo House\u00bb. Se trata del cuerpo identificado N\u00b0 102 desde que comenz\u00f3 la misi\u00f3n humanitaria el a\u00f1o pasado.<br \/>\nEl enfrentamiento en Top Malo House es conocido como una batalla distinta en varios libros brit\u00e1nicos y argentinos, debido a la larga duraci\u00f3n del tiroteo y al importante n\u00famero de fuerzas especiales empleadas, la cual tuvo duras implicancias en los planes ingleses.<br \/>\nProducto del desgaste que sufrieron los comandos, al mando del capit\u00e1n Rod Boswell, no pudieron cumplir a tiempo con su misi\u00f3n, que era conquistar el Fitz Roy-Bluff Cove.<\/p>\n<p>Producto de estas acciones, los brit\u00e1nicos tardaron una semana m\u00e1s en lograr el libre acceso a Bah\u00eda Agradable desde el mar. Por esta raz\u00f3n, el 8 de junio las tropas inglesas sufrieron ataques de la Fuerza A\u00e9rea Argentina que dejaron como resultado 50 bajas, 200 heridos y dos buques fuera de combate. Los medios ingleses lo recuerdan como \u00abEl desastre de Fitz Roy\u00bb.<\/p>\n<p><img decoding=\"async\" data-attachment-id=\"42734\" data-permalink=\"https:\/\/eldiariodesanpedro.com.ar\/sitio\/malvinas-identificaron-a-mateo-sbert-sargento-que-murio-en-la-historica-batalla-de-top-malo-house\/2802345h900\/\" data-orig-file=\"https:\/\/eldiariodesanpedro.com.ar\/sitio\/wp-content\/uploads\/2018\/10\/2802345h900.jpg\" data-orig-size=\"1350,900\" data-comments-opened=\"1\" data-image-meta=\"{&quot;aperture&quot;:&quot;0&quot;,&quot;credit&quot;:&quot;&quot;,&quot;camera&quot;:&quot;&quot;,&quot;caption&quot;:&quot;&quot;,&quot;created_timestamp&quot;:&quot;0&quot;,&quot;copyright&quot;:&quot;&quot;,&quot;focal_length&quot;:&quot;0&quot;,&quot;iso&quot;:&quot;0&quot;,&quot;shutter_speed&quot;:&quot;0&quot;,&quot;title&quot;:&quot;&quot;,&quot;orientation&quot;:&quot;0&quot;}\" data-image-title=\"2802345h900\" data-image-description=\"\" data-image-caption=\"\" data-large-file=\"https:\/\/eldiariodesanpedro.com.ar\/sitio\/wp-content\/uploads\/2018\/10\/2802345h900-1024x683.jpg\" data-src=\"https:\/\/eldiariodesanpedro.com.ar\/sitio\/wp-content\/uploads\/2018\/10\/2802345h900-1024x683.jpg\" alt=\"\" width=\"660\" height=\"440\" class=\"alignnone size-large wp-image-42734 lazyload\" data-srcset=\"https:\/\/eldiariodesanpedro.com.ar\/sitio\/wp-content\/uploads\/2018\/10\/2802345h900-1024x683.jpg 1024w, https:\/\/eldiariodesanpedro.com.ar\/sitio\/wp-content\/uploads\/2018\/10\/2802345h900-300x200.jpg 300w, https:\/\/eldiariodesanpedro.com.ar\/sitio\/wp-content\/uploads\/2018\/10\/2802345h900-768x512.jpg 768w, https:\/\/eldiariodesanpedro.com.ar\/sitio\/wp-content\/uploads\/2018\/10\/2802345h900.jpg 1350w\" data-sizes=\"(max-width: 660px) 100vw, 660px\" src=\"data:image\/svg+xml;base64,PHN2ZyB3aWR0aD0iMSIgaGVpZ2h0PSIxIiB4bWxucz0iaHR0cDovL3d3dy53My5vcmcvMjAwMC9zdmciPjwvc3ZnPg==\" style=\"--smush-placeholder-width: 660px; --smush-placeholder-aspect-ratio: 660\/440;\" \/><\/p>\n<p>\u00bfQu\u00e9 pas\u00f3 en \u00abTop Malo House\u00bb?<br \/>\nUn grupo de efectivos de la Compa\u00f1\u00eda de Comandos 602, al mando del capit\u00e1n Jos\u00e9 Vercesi, descendi\u00f3 de un helic\u00f3ptero del Ej\u00e9rcito Argentino en las cercan\u00edas del Monte Simon. Su misi\u00f3n era instalar un puesto de observaci\u00f3n para vigilar los movimientos de las tropas inglesas que hab\u00edan desembarcado en San Carlos. Ante la intensa nevada, los efectivos pernoctaron y al amanecer comenzaron el repliegue hacia la zona de Fitz Roy.<\/p>\n<p>El 30 de mayo, despu\u00e9s de medio d\u00eda de marcha, cruzaron el arroyo mientras oscurec\u00eda y se instalaron a descansar en un galp\u00f3n de chapa de dos plantas, que oficiaba como \u00abpuesto ovejero\u00bb. Aquel refugio se llamaba Top Malo House. Los soldados ignoraban que llegaba a la zona un helic\u00f3ptero ingl\u00e9s con 35 comandos del Mountain and Artic Warfare Cadre, al mando de Boswell.<\/p>\n<p>La idea de refugiarse estrat\u00e9gicamente en un galp\u00f3n fue muy cuestionada y para muchos militares \u00abuna irresponsabilidad\u00bb, pero los hombres estaban mojados luego de cruzar un arroyo helado. Vercesi explicar\u00eda su decisi\u00f3n a\u00f1os m\u00e1s tarde: \u00abMuchos ten\u00edan principio de congelamiento en los pies. Era eso o perder la mitad de mi gente\u00bb.<\/p>\n<p>Fue el teniente Ernesto Espinosa quien, desde una de las ventanas del primer piso, descubri\u00f3 el avance ingl\u00e9s, dio la alerta y comenz\u00f3 a disparar. Inmediatamente recibieron fuego enemigo sobre las fr\u00e1giles paredes de chapa de la casa. <\/p>\n<p>Simult\u00e1neamente, cuatro cohetes de 66 mil\u00edmetros impactaron en la vivienda.<\/p>\n<p>Producto de la artiller\u00eda enemiga el puesto se incendi\u00f3 de inmediato. Los soldados argentinos intentaron escapar mientras Espinosa y Sbert abr\u00edan fuego para dar cobertura a sus compa\u00f1eros.<\/p>\n<p>Dieron batalla hasta el final<br \/>\n\u00abPensamos que se rendir\u00edan inmediatamente, pero salieron dando batalla hasta que no pudieron m\u00e1s\u00bb, relatar\u00eda Boswell a\u00f1os m\u00e1s tarde a la BBC.<\/p>\n<p>Ubicados en una posici\u00f3n desventajosa, superados en n\u00famero y en medios, el final fue inevitable. Cayeron el teniente Ernesto Espinosa, el sargento Mateo Sbert y seis comandos resultaron heridos.<\/p>\n<p>Por su desempe\u00f1o, Mateo Sbert y Ernesto Espinosa fueron condecorados por el Poder Ejecutivo Nacional con el m\u00e1s alto honor: \u00abLa Naci\u00f3n Argentina al Heroico Valor en Combate\u00bb.<\/p>\n<p>Hoy Sbert se convirti\u00f3 oficialmente en el soldado identificado n\u00famero 102 de la cruzada humanitaria m\u00e1s importante que se desarrolla en Malvinas desde que termin\u00f3 la guerra. \u00abCada vez que le comunicamos a las familias una identificaci\u00f3n positiva, sentimos que estamos saldando una deuda del Estado con nuestros h\u00e9roes de Malvinas y sus seres queridos\u00bb, se\u00f1al\u00f3 el secretario de Derechos Humanos, Claudio Avruj.<\/p>\n<p>Por: Daniel Santa Cruz<br \/>\nFuente: La Naci\u00f3n<\/p>\n","protected":false},"excerpt":{"rendered":"<p>La Secretar\u00eda de Derechos Humanos de la Naci\u00f3n confirm\u00f3 hoy que se logr\u00f3 identificar el cuerpo del soldado de Malvinas Mateo Antonio Sbert, quien falleci\u00f3 durante una hist\u00f3rica batalla y que estaba enterrado como \u00abSoldado argentino s\u00f3lo conocido por Dios\u00bb. Mateo Antonio Sbert naci\u00f3 el 7 de mayo de 1949 en la localidad de San [&hellip;]<\/p>\n","protected":false},"author":4,"featured_media":42733,"comment_status":"open","ping_status":"closed","sticky":false,"template":"","format":"standard","meta":{"om_disable_all_campaigns":false,"_jetpack_memberships_contains_paid_content":false,"footnotes":""},"categories":[50,101,2],"tags":[],"class_list":["post-42732","post","type-post","status-publish","format-standard","has-post-thumbnail","hentry","category-destacadas","category-interes-general-locales","category-locales"],"aioseo_notices":[],"gutentor_comment":0,"jetpack_featured_media_url":"https:\/\/eldiariodesanpedro.com.ar\/sitio\/wp-content\/uploads\/2018\/10\/2802344h900.jpg","jetpack_shortlink":"https:\/\/wp.me\/p6RhLt-b7e","jetpack_sharing_enabled":true,"_links":{"self":[{"href":"https:\/\/eldiariodesanpedro.com.ar\/sitio\/wp-json\/wp\/v2\/posts\/42732","targetHints":{"allow":["GET"]}}],"collection":[{"href":"https:\/\/eldiariodesanpedro.com.ar\/sitio\/wp-json\/wp\/v2\/posts"}],"about":[{"href":"https:\/\/eldiariodesanpedro.com.ar\/sitio\/wp-json\/wp\/v2\/types\/post"}],"author":[{"embeddable":true,"href":"https:\/\/eldiariodesanpedro.com.ar\/sitio\/wp-json\/wp\/v2\/users\/4"}],"replies":[{"embeddable":true,"href":"https:\/\/eldiariodesanpedro.com.ar\/sitio\/wp-json\/wp\/v2\/comments?post=42732"}],"version-history":[{"count":1,"href":"https:\/\/eldiariodesanpedro.com.ar\/sitio\/wp-json\/wp\/v2\/posts\/42732\/revisions"}],"predecessor-version":[{"id":42735,"href":"https:\/\/eldiariodesanpedro.com.ar\/sitio\/wp-json\/wp\/v2\/posts\/42732\/revisions\/42735"}],"wp:featuredmedia":[{"embeddable":true,"href":"https:\/\/eldiariodesanpedro.com.ar\/sitio\/wp-json\/wp\/v2\/media\/42733"}],"wp:attachment":[{"href":"https:\/\/eldiariodesanpedro.com.ar\/sitio\/wp-json\/wp\/v2\/media?parent=42732"}],"wp:term":[{"taxonomy":"category","embeddable":true,"href":"https:\/\/eldiariodesanpedro.com.ar\/sitio\/wp-json\/wp\/v2\/categories?post=42732"},{"taxonomy":"post_tag","embeddable":true,"href":"https:\/\/eldiariodesanpedro.com.ar\/sitio\/wp-json\/wp\/v2\/tags?post=42732"}],"curies":[{"name":"wp","href":"https:\/\/api.w.org\/{rel}","templated":true}]}}