{"id":42726,"date":"2018-10-30T16:57:42","date_gmt":"2018-10-30T19:57:42","guid":{"rendered":"https:\/\/eldiariodesanpedro.com.ar\/sitio\/?p=42726"},"modified":"2018-10-30T16:57:42","modified_gmt":"2018-10-30T19:57:42","slug":"violento-asalto-en-un-colectivo-de-vercelli","status":"publish","type":"post","link":"https:\/\/eldiariodesanpedro.com.ar\/sitio\/violento-asalto-en-un-colectivo-de-vercelli\/","title":{"rendered":"Violento asalto en un colectivo de Vercelli"},"content":{"rendered":"<p><!-- VideographyWP Plugin Message: Automatic video embedding prevented by plugin options. --><br \/>\nEl hecho ocurri\u00f3 el pasado viernes alrededor de las 20:50 en un transporte p\u00fablico de pasajeros de la l\u00ednea 502.<\/p>\n<p>Dos sujetos subieron al colectivo en la parada que se encuentra por calle Rivadavia, en cercan\u00edas del Puerto y a punta de pistola amenazaron a los pasajeros.<\/p>\n<p>Uno de ellos increp\u00f3 al chofer y el otro amedrent\u00f3 a la gente. Golpearon con el arma al conductor y se llevaron sus pertenencias. Adem\u00e1s, le sustrajeron otros objetos de valor de los pasajeros.<\/p>\n<p>Los ladrones huyeron raudamente con sentido a Villa Los Provincianos.<\/p>\n<p>Fuente: El Informante<\/p>\n","protected":false},"excerpt":{"rendered":"<p>El hecho ocurri\u00f3 el pasado viernes alrededor de las 20:50 en un transporte p\u00fablico de pasajeros de la l\u00ednea 502. Dos sujetos subieron al colectivo en la parada que se encuentra por calle Rivadavia, en cercan\u00edas del Puerto y a punta de pistola amenazaron a los pasajeros. Uno de ellos increp\u00f3 al chofer y el [&hellip;]<\/p>\n","protected":false},"author":4,"featured_media":42727,"comment_status":"open","ping_status":"closed","sticky":false,"template":"","format":"standard","meta":{"om_disable_all_campaigns":false,"_jetpack_memberships_contains_paid_content":false,"footnotes":""},"categories":[621],"tags":[],"class_list":["post-42726","post","type-post","status-publish","format-standard","has-post-thumbnail","hentry","category-regionales"],"aioseo_notices":[],"gutentor_comment":0,"jetpack_featured_media_url":"https:\/\/eldiariodesanpedro.com.ar\/sitio\/wp-content\/uploads\/2018\/10\/colectivo-verselli.jpg","jetpack_shortlink":"https:\/\/wp.me\/p6RhLt-b78","jetpack_sharing_enabled":true,"_links":{"self":[{"href":"https:\/\/eldiariodesanpedro.com.ar\/sitio\/wp-json\/wp\/v2\/posts\/42726","targetHints":{"allow":["GET"]}}],"collection":[{"href":"https:\/\/eldiariodesanpedro.com.ar\/sitio\/wp-json\/wp\/v2\/posts"}],"about":[{"href":"https:\/\/eldiariodesanpedro.com.ar\/sitio\/wp-json\/wp\/v2\/types\/post"}],"author":[{"embeddable":true,"href":"https:\/\/eldiariodesanpedro.com.ar\/sitio\/wp-json\/wp\/v2\/users\/4"}],"replies":[{"embeddable":true,"href":"https:\/\/eldiariodesanpedro.com.ar\/sitio\/wp-json\/wp\/v2\/comments?post=42726"}],"version-history":[{"count":1,"href":"https:\/\/eldiariodesanpedro.com.ar\/sitio\/wp-json\/wp\/v2\/posts\/42726\/revisions"}],"predecessor-version":[{"id":42728,"href":"https:\/\/eldiariodesanpedro.com.ar\/sitio\/wp-json\/wp\/v2\/posts\/42726\/revisions\/42728"}],"wp:featuredmedia":[{"embeddable":true,"href":"https:\/\/eldiariodesanpedro.com.ar\/sitio\/wp-json\/wp\/v2\/media\/42727"}],"wp:attachment":[{"href":"https:\/\/eldiariodesanpedro.com.ar\/sitio\/wp-json\/wp\/v2\/media?parent=42726"}],"wp:term":[{"taxonomy":"category","embeddable":true,"href":"https:\/\/eldiariodesanpedro.com.ar\/sitio\/wp-json\/wp\/v2\/categories?post=42726"},{"taxonomy":"post_tag","embeddable":true,"href":"https:\/\/eldiariodesanpedro.com.ar\/sitio\/wp-json\/wp\/v2\/tags?post=42726"}],"curies":[{"name":"wp","href":"https:\/\/api.w.org\/{rel}","templated":true}]}}