{"id":42723,"date":"2018-10-30T12:00:11","date_gmt":"2018-10-30T15:00:11","guid":{"rendered":"https:\/\/eldiariodesanpedro.com.ar\/sitio\/?p=42723"},"modified":"2018-10-30T12:00:11","modified_gmt":"2018-10-30T15:00:11","slug":"baradero-una-beba-fue-atropellada-y-trasladada-a-un-hospital-de-la-plata","status":"publish","type":"post","link":"https:\/\/eldiariodesanpedro.com.ar\/sitio\/baradero-una-beba-fue-atropellada-y-trasladada-a-un-hospital-de-la-plata\/","title":{"rendered":"BARADERO: Una beba fue atropellada y trasladada a un Hospital de La Plata"},"content":{"rendered":"<p><!-- VideographyWP Plugin Message: Automatic video embedding prevented by plugin options. --><br \/>\nOcurri\u00f3 este domingo en horas de la tarde, cerca de las 18 horas en el Barrio Las Campanillas. Se le escap\u00f3 de la mano a la madre. Un auto que circulaba por el lugar la choc\u00f3. Fue trasladada a un nosocomio de la ciudad de La Plata. El Subcomisario Fiorabanti brind\u00f3 m\u00e1s informaci\u00f3n en el aire de LS2 FM BARADERO 96.9<\/p>\n<p>El \u00faltimo domingo en horas de la tarde, una beba de dos a\u00f1os, quien caminaba agarrada de la mano de su madre, se solt\u00f3 en un momento, se escap\u00f3 y cruz\u00f3 la calle cuando al momento circulaba un auto que lamentablemente la atropell\u00f3.<\/p>\n<p>El conductor del veh\u00edculo fue quien la auxili\u00f3 y la traslad\u00f3 inmediatamente al Hospital local donde la atendieron y por mayor rigurosidad decidieron derivarla a un Hospital de La Plata. No sufri\u00f3 heridas de gravedad pero debe continuar en observaci\u00f3n.<br \/>\nFuente: Baradero hoy<\/p>\n","protected":false},"excerpt":{"rendered":"<p>Ocurri\u00f3 este domingo en horas de la tarde, cerca de las 18 horas en el Barrio Las Campanillas. Se le escap\u00f3 de la mano a la madre. Un auto que circulaba por el lugar la choc\u00f3. Fue trasladada a un nosocomio de la ciudad de La Plata. El Subcomisario Fiorabanti brind\u00f3 m\u00e1s informaci\u00f3n en el [&hellip;]<\/p>\n","protected":false},"author":4,"featured_media":42724,"comment_status":"open","ping_status":"closed","sticky":false,"template":"","format":"standard","meta":{"om_disable_all_campaigns":false,"_jetpack_memberships_contains_paid_content":false,"footnotes":""},"categories":[621],"tags":[],"class_list":["post-42723","post","type-post","status-publish","format-standard","has-post-thumbnail","hentry","category-regionales"],"aioseo_notices":[],"gutentor_comment":0,"jetpack_featured_media_url":"https:\/\/eldiariodesanpedro.com.ar\/sitio\/wp-content\/uploads\/2018\/10\/hospital_1_0.jpg","jetpack_shortlink":"https:\/\/wp.me\/p6RhLt-b75","jetpack_sharing_enabled":true,"_links":{"self":[{"href":"https:\/\/eldiariodesanpedro.com.ar\/sitio\/wp-json\/wp\/v2\/posts\/42723","targetHints":{"allow":["GET"]}}],"collection":[{"href":"https:\/\/eldiariodesanpedro.com.ar\/sitio\/wp-json\/wp\/v2\/posts"}],"about":[{"href":"https:\/\/eldiariodesanpedro.com.ar\/sitio\/wp-json\/wp\/v2\/types\/post"}],"author":[{"embeddable":true,"href":"https:\/\/eldiariodesanpedro.com.ar\/sitio\/wp-json\/wp\/v2\/users\/4"}],"replies":[{"embeddable":true,"href":"https:\/\/eldiariodesanpedro.com.ar\/sitio\/wp-json\/wp\/v2\/comments?post=42723"}],"version-history":[{"count":1,"href":"https:\/\/eldiariodesanpedro.com.ar\/sitio\/wp-json\/wp\/v2\/posts\/42723\/revisions"}],"predecessor-version":[{"id":42725,"href":"https:\/\/eldiariodesanpedro.com.ar\/sitio\/wp-json\/wp\/v2\/posts\/42723\/revisions\/42725"}],"wp:featuredmedia":[{"embeddable":true,"href":"https:\/\/eldiariodesanpedro.com.ar\/sitio\/wp-json\/wp\/v2\/media\/42724"}],"wp:attachment":[{"href":"https:\/\/eldiariodesanpedro.com.ar\/sitio\/wp-json\/wp\/v2\/media?parent=42723"}],"wp:term":[{"taxonomy":"category","embeddable":true,"href":"https:\/\/eldiariodesanpedro.com.ar\/sitio\/wp-json\/wp\/v2\/categories?post=42723"},{"taxonomy":"post_tag","embeddable":true,"href":"https:\/\/eldiariodesanpedro.com.ar\/sitio\/wp-json\/wp\/v2\/tags?post=42723"}],"curies":[{"name":"wp","href":"https:\/\/api.w.org\/{rel}","templated":true}]}}