{"id":42720,"date":"2018-10-30T10:45:39","date_gmt":"2018-10-30T13:45:39","guid":{"rendered":"https:\/\/eldiariodesanpedro.com.ar\/sitio\/?p=42720"},"modified":"2018-10-30T10:45:39","modified_gmt":"2018-10-30T13:45:39","slug":"el-acercarte-llega-a-ramallo-este-fin-de-semana-con-miranda-y-angela-torres","status":"publish","type":"post","link":"https:\/\/eldiariodesanpedro.com.ar\/sitio\/el-acercarte-llega-a-ramallo-este-fin-de-semana-con-miranda-y-angela-torres\/","title":{"rendered":"El AcercArte llega a Ramallo este fin de semana con Miranda y Angela Torres"},"content":{"rendered":"<p><!-- VideographyWP Plugin Message: Automatic video embedding prevented by plugin options. --><br \/>\nEste fin de semana, s\u00e1bado 3 y domingo 4 de noviembre llega a Ramallo el AcercArte , una propuesta cultural lanzada por el gobierno de la Provincia por medio de la cual se intenta acercar m\u00e1s actividades art\u00edsticas y espect\u00e1culos de calidad a las diferentes localidades bonaerenses.<\/p>\n<p>Esta propuesta es gratuita y para toda la familia. Desde sus comienzos en mayo de 2016, el ciclo visit\u00f3 122 de los 135 municipios de la Provincia. En dos a\u00f1os, m\u00e1s de 900 artistas de 13 disciplinas (m\u00fasica, cine m\u00f3vil, cine 360\u00b0, biblioteca, espect\u00e1culos infantiles, stand up, teatro, danza, arte callejero, circo, realidad virtual y videojuegos, talleres de reutilizaci\u00f3n creativa y artes pl\u00e1sticas) fueron los encargados de llevar m\u00e1s cultura a las cerca de 4.671.500 personas que asistieron, n\u00famero que seguir\u00e1 creciendo porque AcercArte sigue recorriendo la Provincia.<\/p>\n<p>La grilla para Ramallo ser\u00e1 la siguiente:<br \/>\nS\u00e1bado  03\/11\/2018<br \/>\n15:00 hs: CINE 360\u00b0: Viaje salvaje a La Tierra<br \/>\nMientras mira el movimiento de la sombra de la Luna a trav\u00e9s de la Tierra, un abuelo cuenta historias de choques de asteroides, volcanes en erupci\u00f3n, rugidos de dinosaurios, rayos y truenos. Cada experiencia comienza con una visi\u00f3n telesc\u00f3pica de la Tierra en movimiento, que contrasta con la eterna quietud lunar.Duraci\u00f3n: 23\u2019<\/p>\n<p>CINE M\u00d3VIL: El p\u00e1jaro loco<br \/>\nDe Alex Zamn \/ Estados Unidos, 2018, 84\u2019 \/ Apta para todo p\u00fablico.<br \/>\nACTIVIDAD PERMANENTE: Realidad Virtual<br \/>\nRV (AcercArte en 360\u00ba \/ Skater 360\u00ba \/ Slackline 360\u00ba) \u2013 Taller de creaci\u00f3n de videojuegos en vivo \u2013 Realidad aumentada \u2013 Muestra de videojuegos indie<\/p>\n<p>15:45hs: BIBLIOTECA- Los LibroYasos: La historia del libro \u2013 Espect\u00e1culo teatral infantil<br \/>\nEn este espect\u00e1culo teatral infantil, te contamos la historia de la escritura universal y hasta c\u00f3mo inventamos el libro con magia, malabares y mucho humor. Desde los hombres de las cavernas hasta el moderno e-book, una historia que todos debemos saber y con la que \u00a1vas a aprender riendo! Para ni\u00f1os de 3 a 12 a\u00f1os.<\/p>\n<p>16:00hs: CINE 360\u00b0: Fronteras del universo<br \/>\nUna traves\u00eda hacia los confines del espacio que parte desde nuestro vecindario, el Sistema Solar, y pasa por nebulosas, estrellas y galaxias hasta llegar a los l\u00edmites de nuestro conocimiento del cosmos.Duraci\u00f3n: 24\u2019<\/p>\n<p>16:30hs: INFANTILES- Heavysaurios<br \/>\nHace 65 millones de a\u00f1os un gran meteorito se estrell\u00f3 contra la Tierra, destruyendo a los dinosaurios\u2026 casi totalmente, porque cinco huevos p\u00farpura gigantes fueron escondidos en el coraz\u00f3n de la Monta\u00f1a de los Hechiceros para protegerlos.<\/p>\n<p>17:15hs: CINE 360\u00b0-Viajeros del universo<br \/>\nUna aventura por el espacio a bordo de una intr\u00e9pida nave que busca informaci\u00f3n sobre los astros m\u00e1s importantes y sale de nuestra galaxia, la V\u00eda L\u00e1ctea, para mirarla por primera vez desde afuera. Duraci\u00f3n: 24\u2019.<\/p>\n<p>CINE M\u00d3VIL: Yo, Sandro \u2013 La pel\u00edcula<br \/>\nDe Miguel Mato \/ Argentina, 2018, 72\u2019 \/ Con Daniel Valenzuela, Carlos Portaluppi, Celeste Gerez, Ana Patricia Rojo \/ Apta para todo p\u00fablico.<br \/>\n17:45hs: BIBLIOTECA-F\u00fatbol y literatura: entrevista a Mariano Manzanel<br \/>\nEl autor de Jugar\u00e1s en Primera nos habla de las m\u00faltiples conexiones entre el mundo de la pelota y el de los libros.<\/p>\n<p>18:00hs: CINE 360\u00b0-Pink Floyd \u2013 The Wall<br \/>\nThe Wall, de Pink Floyd, es uno de los discos m\u00e1s influyentes de la historia. Esta producci\u00f3n creativa y elaborada explora los temas del abandono y el aislamiento, simbolizados a trav\u00e9s de un metaf\u00f3rico muro. Acompa\u00f1ado de im\u00e1genes impactantes, este corto en Fulldome los llevar\u00e1 en un viaje alucinante. Duraci\u00f3n: 26\u2019<\/p>\n<p>18:45hs: CINE 360\u00b0- Universo Cerati<br \/>\nUn viaje audiovisual que repasa algunos hitos en la discograf\u00eda de Gustavo Cerati y Soda Stereo, para encontrar puntos de encuentro entre la l\u00edrica musical y los elementos del universo. Duraci\u00f3n: 27\u2019<\/p>\n<p>19:15hs: STAND UP- Mario De Candia \u2013 Fernando Crisci \u2013 Vinchu Rivera<br \/>\nMario De Candia: Es locutor, comediante de stand up y actor de doblaje.<br \/>\nFernando Crisci: Es guionista de radio y TV, adem\u00e1s de actor y comediante de stand up desde hace diez a\u00f1os.<br \/>\nVinchu Rivera: Comediante, guionista, actor y productor, es parte del elenco de Happy, que se presenta mensualmente en el ND Teatro con direcci\u00f3n de Carlos Belloso.<br \/>\nLe\u00e9 tambi\u00e9n  154\u00b0 Aniversario del Partido de Ramallo<\/p>\n<p>20:00hs: M\u00daSICA- \u00c1ngela Torres<br \/>\nProveniente de una estirpe de artistas \u2013hija de la actriz Gloria Carr\u00e1 y el empresario Marcelo Torres, sobrina del m\u00fasico Diego Torres y nieta leg\u00edtima de la difunta Lolita Torres\u2013, \u00c1ngela hizo su debut televisivo en 2008 en la exitosa tira televisiva Patito feo y desde entonces no ha parado de crecer.<\/p>\n<p>21:30hs: TEATRO-Entre nosotros<br \/>\nCon Graciela Borges, acompa\u00f1ada en voz y guitarra por Adriana Barcia.<\/p>\n<p>Domingo  04\/11\/2018<br \/>\n15:00hs: CINE 360\u00b0- Viaje salvaje a La Tierra<br \/>\nMientras mira el movimiento de la sombra de la Luna a trav\u00e9s de la Tierra, un abuelo cuenta historias de choques de asteroides, volcanes en erupci\u00f3n, rugidos de dinosaurios, rayos y truenos. Cada experiencia comienza con una visi\u00f3n telesc\u00f3pica de la Tierra en movimiento, que contrasta con la eterna quietud lunar.Duraci\u00f3n: 23\u2019<\/p>\n<p>CINE M\u00d3VIL: Anida y el circo flotante<br \/>\nDe Liliana Romero \/ Argentina, 2017, 72\u2019 \/ Apta para todo p\u00fablico.<br \/>\nACTIVIDAD PERMANENTE: Realidad Virtual<br \/>\nRV (AcercArte en 360\u00ba \/ Skater 360\u00ba \/ Slackline 360\u00ba) \u2013 Taller de creaci\u00f3n de videojuegos en vivo \u2013 Realidad aumentada \u2013 Muestra de videojuegos indie<\/p>\n<p>15:45hs: BIBLIOTECA- Chicos con cuentos, chicos contentos \u2013 Alejandro Magnone<br \/>\nEspect\u00e1culo de narraci\u00f3n oral esc\u00e9nica basado en una selecci\u00f3n de cuentos infantiles, trabalenguas y adivinanzas para chicos de todas las edades, a cargo de Alejandro Magnone.<\/p>\n<p>16:00hs: CINE 360\u00b0- Fronteras del universo<br \/>\nUna traves\u00eda hacia los confines del espacio que parte desde nuestro vecindario, el Sistema Solar, y pasa por nebulosas, estrellas y galaxias hasta llegar a los l\u00edmites de nuestro conocimiento del cosmos. Duraci\u00f3n: 24\u2019<\/p>\n<p>16:30hs: INFANTILES- Cantando con Adriana<br \/>\nCuando era maestra del jard\u00edn de infantes Amapola, Adriana edit\u00f3 un cd con las canciones que los chicos cantaban en la sala para que pudieran, en sus hogares, cantar y jugar en familia. Investig\u00f3 en el repertorio infantil de todos los tiempos y compil\u00f3 aquellas canciones que van de boca en boca, de jard\u00edn en jard\u00edn, de generaci\u00f3n en generaci\u00f3n.<\/p>\n<p>17:15hs: CINE 360\u00b0- Viajeros del universo<br \/>\nUna aventura por el espacio a bordo de una intr\u00e9pida nave que busca informaci\u00f3n sobre los astros m\u00e1s importantes y sale de nuestra galaxia, la V\u00eda L\u00e1ctea, para mirarla por primera vez desde afuera. Duraci\u00f3n: 24\u2019<\/p>\n<p>CINE M\u00d3VIL: Fontanarrosa, lo que se dice un \u00eddolo<br \/>\nDe Gustavo Postiglione, Juan Pablo Buscarini, H\u00e9ctor Molina, N\u00e9stor Zapata, Hugo Grosso y Pablo Rodr\u00edguez J\u00e1uregui \/ Argentina, 2017, 113\u2019 \/ Con Julieta Cardinali, Gast\u00f3n Pauls, Dar\u00edo Grandinetti, Luis Mach\u00edn, Dady Brieva, Claudio Rissi, Catherine Fulop, Pablo Granados \/ Para mayores de 13 a\u00f1os<\/p>\n<p>17:45hs: BIBLIOTECA-Salvaje, los amores de Urquiza: Entrevista a Florencia Canale<br \/>\nLa escritora habla de su \u00faltima novela, Salvaje, sobre la vida sentimental de Justo Jos\u00e9 de Urquiza.<\/p>\n<p>18:00hs-CINE 360\u00b0-Universo Cerati<br \/>\nUn viaje audiovisual que repasa algunos hitos en la discograf\u00eda de Gustavo Cerati y Soda Stereo, para encontrar puntos de encuentro entre la l\u00edrica musical y los elementos del universo. Duraci\u00f3n: 27\u2019<\/p>\n<p>18:45hs: CINE 360\u00b0- Pink Floyd \u2013 The Dark Side of the Moon<br \/>\nEl legendario \u00e1lbum de Pink Floyd vuelve con im\u00e1genes incre\u00edbles que crean una experiencia inolvidable. No es solo un espect\u00e1culo de l\u00e1ser, sino una nueva revoluci\u00f3n digital a la vista, con un sonido envolvente que los har\u00e1 perderse de verdad en el lado oscuro de la Luna.<\/p>\n<p>19:15hs: STAND UP- Mariano Potel \u2013 Daniel Niborski<br \/>\nMariano Potel: Es un reconocido comediante, referente del g\u00e9nero en Argentina.<br \/>\nDaniel Niborski: Actor, desde hace diez a\u00f1os se dedica principalmente al stand up.<\/p>\n<p>20:00hs-M\u00daSICA-Miranda!<br \/>\nFormada en 2001 y compuesta por los cantantes Alejandro Sergi y Juliana Gattas, Miranda! ha cautivado al p\u00fablico gracias a su inagotable producci\u00f3n de hits y melod\u00edas reconocidas en toda Latinoam\u00e9rica.<\/p>\n<p>21:30hs: TEATRO- El amor sos vos<br \/>\nCon Mike Amigorena.<br \/>\nLibro y direcci\u00f3n: Mike Amigorena.<\/p>\n","protected":false},"excerpt":{"rendered":"<p>Este fin de semana, s\u00e1bado 3 y domingo 4 de noviembre llega a Ramallo el AcercArte , una propuesta cultural lanzada por el gobierno de la Provincia por medio de la cual se intenta acercar m\u00e1s actividades art\u00edsticas y espect\u00e1culos de calidad a las diferentes localidades bonaerenses. Esta propuesta es gratuita y para toda la [&hellip;]<\/p>\n","protected":false},"author":4,"featured_media":42721,"comment_status":"open","ping_status":"closed","sticky":false,"template":"","format":"standard","meta":{"om_disable_all_campaigns":false,"_jetpack_memberships_contains_paid_content":false,"footnotes":""},"categories":[621],"tags":[],"class_list":["post-42720","post","type-post","status-publish","format-standard","has-post-thumbnail","hentry","category-regionales"],"aioseo_notices":[],"gutentor_comment":0,"jetpack_featured_media_url":"https:\/\/eldiariodesanpedro.com.ar\/sitio\/wp-content\/uploads\/2018\/10\/acercarteee-850x491.jpg","jetpack_shortlink":"https:\/\/wp.me\/p6RhLt-b72","jetpack_sharing_enabled":true,"_links":{"self":[{"href":"https:\/\/eldiariodesanpedro.com.ar\/sitio\/wp-json\/wp\/v2\/posts\/42720","targetHints":{"allow":["GET"]}}],"collection":[{"href":"https:\/\/eldiariodesanpedro.com.ar\/sitio\/wp-json\/wp\/v2\/posts"}],"about":[{"href":"https:\/\/eldiariodesanpedro.com.ar\/sitio\/wp-json\/wp\/v2\/types\/post"}],"author":[{"embeddable":true,"href":"https:\/\/eldiariodesanpedro.com.ar\/sitio\/wp-json\/wp\/v2\/users\/4"}],"replies":[{"embeddable":true,"href":"https:\/\/eldiariodesanpedro.com.ar\/sitio\/wp-json\/wp\/v2\/comments?post=42720"}],"version-history":[{"count":1,"href":"https:\/\/eldiariodesanpedro.com.ar\/sitio\/wp-json\/wp\/v2\/posts\/42720\/revisions"}],"predecessor-version":[{"id":42722,"href":"https:\/\/eldiariodesanpedro.com.ar\/sitio\/wp-json\/wp\/v2\/posts\/42720\/revisions\/42722"}],"wp:featuredmedia":[{"embeddable":true,"href":"https:\/\/eldiariodesanpedro.com.ar\/sitio\/wp-json\/wp\/v2\/media\/42721"}],"wp:attachment":[{"href":"https:\/\/eldiariodesanpedro.com.ar\/sitio\/wp-json\/wp\/v2\/media?parent=42720"}],"wp:term":[{"taxonomy":"category","embeddable":true,"href":"https:\/\/eldiariodesanpedro.com.ar\/sitio\/wp-json\/wp\/v2\/categories?post=42720"},{"taxonomy":"post_tag","embeddable":true,"href":"https:\/\/eldiariodesanpedro.com.ar\/sitio\/wp-json\/wp\/v2\/tags?post=42720"}],"curies":[{"name":"wp","href":"https:\/\/api.w.org\/{rel}","templated":true}]}}