{"id":42717,"date":"2018-10-30T10:30:56","date_gmt":"2018-10-30T13:30:56","guid":{"rendered":"https:\/\/eldiariodesanpedro.com.ar\/sitio\/?p=42717"},"modified":"2018-10-30T10:30:56","modified_gmt":"2018-10-30T13:30:56","slug":"firefighter-combat-regreso-triunfal-de-nicolas-cava","status":"publish","type":"post","link":"https:\/\/eldiariodesanpedro.com.ar\/sitio\/firefighter-combat-regreso-triunfal-de-nicolas-cava\/","title":{"rendered":"Firefighter Combat: Regreso triunfal de Nicol\u00e1s Cava"},"content":{"rendered":"<p><!-- VideographyWP Plugin Message: Automatic video embedding prevented by plugin options. --><br \/>\nEl bombero sampedrino tuvo un c\u00e1lido recibimiento luego de intervenir en el certamen internacional en el que represent\u00f3 a Sudam\u00e9rica.<\/p>\n<p>Tras una nueva intervenci\u00f3n en el Scott Firefighter Combat Challenge llevado en Sacramento, Estados Unidos, regres\u00f3 a la ciudad el bombero Nicol\u00e1s Cava. Una nutrida caravana de veh\u00edculos, entre los que se encontraban unidades de otras dependencias bomberiles, lo recibi\u00f3 en las puertas de la ciudad y recorrieron las principales calles como lo hacen los grandes campeones.<\/p>\n<p>Nicol\u00e1s Cava volvi\u00f3 a remarcar su excelente nivel y que todo el esfuerzo previo tuvo su premio. Ya se consagr\u00f3 en la edici\u00f3n del a\u00f1o anterior ingresando al cuadro de honor de dicho certamen, y en este a\u00f1o mejor\u00f3 en todo sentido.<\/p>\n<p>El bombero sampedrino lleg\u00f3 al Firefighter Combat luego de consagrarse campe\u00f3n argentino y sudamericano en las competencias desarrolladas en Buenos Aires. En el mundial alcanz\u00f3 todas sus expectativas al ubicarse entre los 25 mejores del mundo y recibir el reconocimiento de todos.<\/p>\n<p>En nuestra ciudad tambi\u00e9n fue recibido como un h\u00e9roe, y sus compa\u00f1eros se lo hicieron saber agasaj\u00e1ndolo tras su llegada en el cuartel central.  <\/p>\n<p>Fuente: San Pedro Informa &#8211; Eduardo Dlapa    <\/p>\n<p><iframe data-src=\"https:\/\/www.facebook.com\/plugins\/video.php?href=https%3A%2F%2Fwww.facebook.com%2Feduardo.dlapa%2Fvideos%2F2406411446042166%2F&#038;show_text=0&#038;width=267\" width=\"267\" height=\"476\" style=\"border:none;overflow:hidden\" scrolling=\"no\" frameborder=\"0\" allowTransparency=\"true\" allowFullScreen=\"true\" src=\"data:image\/svg+xml;base64,PHN2ZyB3aWR0aD0iMSIgaGVpZ2h0PSIxIiB4bWxucz0iaHR0cDovL3d3dy53My5vcmcvMjAwMC9zdmciPjwvc3ZnPg==\" class=\"lazyload\" data-load-mode=\"1\"><\/iframe><\/p>\n","protected":false},"excerpt":{"rendered":"<p>El bombero sampedrino tuvo un c\u00e1lido recibimiento luego de intervenir en el certamen internacional en el que represent\u00f3 a Sudam\u00e9rica. Tras una nueva intervenci\u00f3n en el Scott Firefighter Combat Challenge llevado en Sacramento, Estados Unidos, regres\u00f3 a la ciudad el bombero Nicol\u00e1s Cava. Una nutrida caravana de veh\u00edculos, entre los que se encontraban unidades de [&hellip;]<\/p>\n","protected":false},"author":4,"featured_media":42718,"comment_status":"open","ping_status":"closed","sticky":false,"template":"","format":"standard","meta":{"om_disable_all_campaigns":false,"_jetpack_memberships_contains_paid_content":false,"footnotes":""},"categories":[101,2],"tags":[],"class_list":["post-42717","post","type-post","status-publish","format-standard","has-post-thumbnail","hentry","category-interes-general-locales","category-locales"],"aioseo_notices":[],"gutentor_comment":0,"jetpack_featured_media_url":"https:\/\/eldiariodesanpedro.com.ar\/sitio\/wp-content\/uploads\/2018\/10\/000073179.jpg","jetpack_shortlink":"https:\/\/wp.me\/p6RhLt-b6Z","jetpack_sharing_enabled":true,"_links":{"self":[{"href":"https:\/\/eldiariodesanpedro.com.ar\/sitio\/wp-json\/wp\/v2\/posts\/42717","targetHints":{"allow":["GET"]}}],"collection":[{"href":"https:\/\/eldiariodesanpedro.com.ar\/sitio\/wp-json\/wp\/v2\/posts"}],"about":[{"href":"https:\/\/eldiariodesanpedro.com.ar\/sitio\/wp-json\/wp\/v2\/types\/post"}],"author":[{"embeddable":true,"href":"https:\/\/eldiariodesanpedro.com.ar\/sitio\/wp-json\/wp\/v2\/users\/4"}],"replies":[{"embeddable":true,"href":"https:\/\/eldiariodesanpedro.com.ar\/sitio\/wp-json\/wp\/v2\/comments?post=42717"}],"version-history":[{"count":1,"href":"https:\/\/eldiariodesanpedro.com.ar\/sitio\/wp-json\/wp\/v2\/posts\/42717\/revisions"}],"predecessor-version":[{"id":42719,"href":"https:\/\/eldiariodesanpedro.com.ar\/sitio\/wp-json\/wp\/v2\/posts\/42717\/revisions\/42719"}],"wp:featuredmedia":[{"embeddable":true,"href":"https:\/\/eldiariodesanpedro.com.ar\/sitio\/wp-json\/wp\/v2\/media\/42718"}],"wp:attachment":[{"href":"https:\/\/eldiariodesanpedro.com.ar\/sitio\/wp-json\/wp\/v2\/media?parent=42717"}],"wp:term":[{"taxonomy":"category","embeddable":true,"href":"https:\/\/eldiariodesanpedro.com.ar\/sitio\/wp-json\/wp\/v2\/categories?post=42717"},{"taxonomy":"post_tag","embeddable":true,"href":"https:\/\/eldiariodesanpedro.com.ar\/sitio\/wp-json\/wp\/v2\/tags?post=42717"}],"curies":[{"name":"wp","href":"https:\/\/api.w.org\/{rel}","templated":true}]}}