{"id":42709,"date":"2018-10-30T10:22:54","date_gmt":"2018-10-30T13:22:54","guid":{"rendered":"https:\/\/eldiariodesanpedro.com.ar\/sitio\/?p=42709"},"modified":"2018-10-30T10:22:54","modified_gmt":"2018-10-30T13:22:54","slug":"primer-jornada-de-limpieza-y-censo-de-la-basura-en-santa-lucia","status":"publish","type":"post","link":"https:\/\/eldiariodesanpedro.com.ar\/sitio\/primer-jornada-de-limpieza-y-censo-de-la-basura-en-santa-lucia\/","title":{"rendered":"Primer Jornada de Limpieza y Censo de la Basura en Santa Luc\u00eda"},"content":{"rendered":"<p><!-- VideographyWP Plugin Message: Automatic video embedding prevented by plugin options. --><br \/>\nDurante el lunes 29 y en una doble jornada de trabajo, alumnos de la Escuela Media N\u00b01 y del Instituto Agrot\u00e9cnico \u00abMargarita O&#8217;Farrell de Maguire\u00bb, la Delegaci\u00f3n Municipal de Santa Luc\u00eda y vecinos voluntarios, realizaron la Primer Jornada de Limpieza y Censo de la Basura en Santa Luc\u00eda.<\/p>\n<p>Esta acci\u00f3n fue organizada y convocada por \u00abSanta Luc\u00eda Ecol\u00f3gica\u00bb, un grupo de voluntarios independientes, que se preocupan y ocupan por las problem\u00e1ticas medioambientales locales. Se realiz\u00f3 en adhesi\u00f3n a la 24\u00b0 Semana de la Juventud pr\u00f3xima a desarrollarse en Santa Luc\u00eda.<\/p>\n<p>A lo largo del d\u00eda participaron m\u00e1s de 90 personas y se intervinieron 21 cuadras en ambas veredas. El trabajo consisti\u00f3 en recoger todos los contaminantes encontrados al paso: desde bolsas pl\u00e1sticas, envoltorios, cartones, papeles, metales y vidrios hasta colillas de cigarrillos, tapitas y restos de alimentos. Adem\u00e1s, cada grupo de trabajo fue registrando en una planilla, previamente confeccionada, cada elemento colectado con el fin de cuantificar y calificar los elementos m\u00e1s abundantes y poder elaborar futuras estrategias para erradicarlos o al menos reducirlos en las calles del pueblo.<\/p>\n<p>Este grupo ecologista viene trabajando gradualmente, pero a paso firme, en la concientizaci\u00f3n local del tratamiento de los residuos dom\u00e9sticos.<\/p>\n<p>Desde hace cinco meses realiza campa\u00f1as mensuales de recolecci\u00f3n de pl\u00e1stico, telgopor y tetrabrik. Estimula a la poblaci\u00f3n a que realice la separaci\u00f3n de los residuos en origen y los traslade al punto verde los d\u00edas asignados.<\/p>\n<p>Acciones como \u00e9stas ayudan a visibilizar problem\u00e1ticas ambientales que la mayor\u00eda de los pobladores no advierten o se acostumbran a convivir con ellas; concientiza sobre la necesidad de un cambio movilizando a los j\u00f3venes que son los principales catalizadores de la transformaci\u00f3n y genera h\u00e1bitos saludables compatibles con el uso sustentable de los recursos.<\/p>\n<p><img decoding=\"async\" data-attachment-id=\"42710\" data-permalink=\"https:\/\/eldiariodesanpedro.com.ar\/sitio\/primer-jornada-de-limpieza-y-censo-de-la-basura-en-santa-lucia\/whatsapp-image-2018-10-30-at-08-55-20\/\" data-orig-file=\"https:\/\/eldiariodesanpedro.com.ar\/sitio\/wp-content\/uploads\/2018\/10\/WhatsApp-Image-2018-10-30-at-08.55.20.jpeg\" data-orig-size=\"780,1040\" data-comments-opened=\"1\" data-image-meta=\"{&quot;aperture&quot;:&quot;0&quot;,&quot;credit&quot;:&quot;&quot;,&quot;camera&quot;:&quot;&quot;,&quot;caption&quot;:&quot;&quot;,&quot;created_timestamp&quot;:&quot;0&quot;,&quot;copyright&quot;:&quot;&quot;,&quot;focal_length&quot;:&quot;0&quot;,&quot;iso&quot;:&quot;0&quot;,&quot;shutter_speed&quot;:&quot;0&quot;,&quot;title&quot;:&quot;&quot;,&quot;orientation&quot;:&quot;0&quot;}\" data-image-title=\"WhatsApp Image 2018-10-30 at 08.55.20\" data-image-description=\"\" data-image-caption=\"\" data-large-file=\"https:\/\/eldiariodesanpedro.com.ar\/sitio\/wp-content\/uploads\/2018\/10\/WhatsApp-Image-2018-10-30-at-08.55.20-768x1024.jpeg\" data-src=\"https:\/\/eldiariodesanpedro.com.ar\/sitio\/wp-content\/uploads\/2018\/10\/WhatsApp-Image-2018-10-30-at-08.55.20-768x1024.jpeg\" alt=\"\" width=\"660\" height=\"880\" class=\"alignnone size-large wp-image-42710 lazyload\" data-srcset=\"https:\/\/eldiariodesanpedro.com.ar\/sitio\/wp-content\/uploads\/2018\/10\/WhatsApp-Image-2018-10-30-at-08.55.20-768x1024.jpeg 768w, https:\/\/eldiariodesanpedro.com.ar\/sitio\/wp-content\/uploads\/2018\/10\/WhatsApp-Image-2018-10-30-at-08.55.20-225x300.jpeg 225w, https:\/\/eldiariodesanpedro.com.ar\/sitio\/wp-content\/uploads\/2018\/10\/WhatsApp-Image-2018-10-30-at-08.55.20.jpeg 780w\" data-sizes=\"(max-width: 660px) 100vw, 660px\" src=\"data:image\/svg+xml;base64,PHN2ZyB3aWR0aD0iMSIgaGVpZ2h0PSIxIiB4bWxucz0iaHR0cDovL3d3dy53My5vcmcvMjAwMC9zdmciPjwvc3ZnPg==\" style=\"--smush-placeholder-width: 660px; --smush-placeholder-aspect-ratio: 660\/880;\" \/><\/p>\n<p><img decoding=\"async\" data-attachment-id=\"42711\" data-permalink=\"https:\/\/eldiariodesanpedro.com.ar\/sitio\/primer-jornada-de-limpieza-y-censo-de-la-basura-en-santa-lucia\/whatsapp-image-2018-10-30-at-08-55-21-1\/\" data-orig-file=\"https:\/\/eldiariodesanpedro.com.ar\/sitio\/wp-content\/uploads\/2018\/10\/WhatsApp-Image-2018-10-30-at-08.55.21-1.jpeg\" data-orig-size=\"1280,768\" data-comments-opened=\"1\" data-image-meta=\"{&quot;aperture&quot;:&quot;0&quot;,&quot;credit&quot;:&quot;&quot;,&quot;camera&quot;:&quot;&quot;,&quot;caption&quot;:&quot;&quot;,&quot;created_timestamp&quot;:&quot;0&quot;,&quot;copyright&quot;:&quot;&quot;,&quot;focal_length&quot;:&quot;0&quot;,&quot;iso&quot;:&quot;0&quot;,&quot;shutter_speed&quot;:&quot;0&quot;,&quot;title&quot;:&quot;&quot;,&quot;orientation&quot;:&quot;0&quot;}\" data-image-title=\"WhatsApp Image 2018-10-30 at 08.55.21 (1)\" data-image-description=\"\" data-image-caption=\"\" data-large-file=\"https:\/\/eldiariodesanpedro.com.ar\/sitio\/wp-content\/uploads\/2018\/10\/WhatsApp-Image-2018-10-30-at-08.55.21-1-1024x614.jpeg\" data-src=\"https:\/\/eldiariodesanpedro.com.ar\/sitio\/wp-content\/uploads\/2018\/10\/WhatsApp-Image-2018-10-30-at-08.55.21-1-1024x614.jpeg\" alt=\"\" width=\"660\" height=\"396\" class=\"alignnone size-large wp-image-42711 lazyload\" data-srcset=\"https:\/\/eldiariodesanpedro.com.ar\/sitio\/wp-content\/uploads\/2018\/10\/WhatsApp-Image-2018-10-30-at-08.55.21-1-1024x614.jpeg 1024w, https:\/\/eldiariodesanpedro.com.ar\/sitio\/wp-content\/uploads\/2018\/10\/WhatsApp-Image-2018-10-30-at-08.55.21-1-300x180.jpeg 300w, https:\/\/eldiariodesanpedro.com.ar\/sitio\/wp-content\/uploads\/2018\/10\/WhatsApp-Image-2018-10-30-at-08.55.21-1-768x461.jpeg 768w, https:\/\/eldiariodesanpedro.com.ar\/sitio\/wp-content\/uploads\/2018\/10\/WhatsApp-Image-2018-10-30-at-08.55.21-1.jpeg 1280w\" data-sizes=\"(max-width: 660px) 100vw, 660px\" src=\"data:image\/svg+xml;base64,PHN2ZyB3aWR0aD0iMSIgaGVpZ2h0PSIxIiB4bWxucz0iaHR0cDovL3d3dy53My5vcmcvMjAwMC9zdmciPjwvc3ZnPg==\" style=\"--smush-placeholder-width: 660px; --smush-placeholder-aspect-ratio: 660\/396;\" \/><\/p>\n<p><img decoding=\"async\" data-attachment-id=\"42712\" data-permalink=\"https:\/\/eldiariodesanpedro.com.ar\/sitio\/primer-jornada-de-limpieza-y-censo-de-la-basura-en-santa-lucia\/whatsapp-image-2018-10-30-at-08-55-21-2\/\" data-orig-file=\"https:\/\/eldiariodesanpedro.com.ar\/sitio\/wp-content\/uploads\/2018\/10\/WhatsApp-Image-2018-10-30-at-08.55.21-2.jpeg\" data-orig-size=\"960,1280\" data-comments-opened=\"1\" data-image-meta=\"{&quot;aperture&quot;:&quot;0&quot;,&quot;credit&quot;:&quot;&quot;,&quot;camera&quot;:&quot;&quot;,&quot;caption&quot;:&quot;&quot;,&quot;created_timestamp&quot;:&quot;0&quot;,&quot;copyright&quot;:&quot;&quot;,&quot;focal_length&quot;:&quot;0&quot;,&quot;iso&quot;:&quot;0&quot;,&quot;shutter_speed&quot;:&quot;0&quot;,&quot;title&quot;:&quot;&quot;,&quot;orientation&quot;:&quot;0&quot;}\" data-image-title=\"WhatsApp Image 2018-10-30 at 08.55.21 (2)\" data-image-description=\"\" data-image-caption=\"\" data-large-file=\"https:\/\/eldiariodesanpedro.com.ar\/sitio\/wp-content\/uploads\/2018\/10\/WhatsApp-Image-2018-10-30-at-08.55.21-2-768x1024.jpeg\" data-src=\"https:\/\/eldiariodesanpedro.com.ar\/sitio\/wp-content\/uploads\/2018\/10\/WhatsApp-Image-2018-10-30-at-08.55.21-2-768x1024.jpeg\" alt=\"\" width=\"660\" height=\"880\" class=\"alignnone size-large wp-image-42712 lazyload\" data-srcset=\"https:\/\/eldiariodesanpedro.com.ar\/sitio\/wp-content\/uploads\/2018\/10\/WhatsApp-Image-2018-10-30-at-08.55.21-2-768x1024.jpeg 768w, https:\/\/eldiariodesanpedro.com.ar\/sitio\/wp-content\/uploads\/2018\/10\/WhatsApp-Image-2018-10-30-at-08.55.21-2-225x300.jpeg 225w, https:\/\/eldiariodesanpedro.com.ar\/sitio\/wp-content\/uploads\/2018\/10\/WhatsApp-Image-2018-10-30-at-08.55.21-2.jpeg 960w\" data-sizes=\"(max-width: 660px) 100vw, 660px\" src=\"data:image\/svg+xml;base64,PHN2ZyB3aWR0aD0iMSIgaGVpZ2h0PSIxIiB4bWxucz0iaHR0cDovL3d3dy53My5vcmcvMjAwMC9zdmciPjwvc3ZnPg==\" style=\"--smush-placeholder-width: 660px; --smush-placeholder-aspect-ratio: 660\/880;\" \/><\/p>\n<p><img decoding=\"async\" data-attachment-id=\"42713\" data-permalink=\"https:\/\/eldiariodesanpedro.com.ar\/sitio\/primer-jornada-de-limpieza-y-censo-de-la-basura-en-santa-lucia\/whatsapp-image-2018-10-30-at-08-55-21\/\" data-orig-file=\"https:\/\/eldiariodesanpedro.com.ar\/sitio\/wp-content\/uploads\/2018\/10\/WhatsApp-Image-2018-10-30-at-08.55.21.jpeg\" data-orig-size=\"960,1280\" data-comments-opened=\"1\" data-image-meta=\"{&quot;aperture&quot;:&quot;0&quot;,&quot;credit&quot;:&quot;&quot;,&quot;camera&quot;:&quot;&quot;,&quot;caption&quot;:&quot;&quot;,&quot;created_timestamp&quot;:&quot;0&quot;,&quot;copyright&quot;:&quot;&quot;,&quot;focal_length&quot;:&quot;0&quot;,&quot;iso&quot;:&quot;0&quot;,&quot;shutter_speed&quot;:&quot;0&quot;,&quot;title&quot;:&quot;&quot;,&quot;orientation&quot;:&quot;0&quot;}\" data-image-title=\"WhatsApp Image 2018-10-30 at 08.55.21\" data-image-description=\"\" data-image-caption=\"\" data-large-file=\"https:\/\/eldiariodesanpedro.com.ar\/sitio\/wp-content\/uploads\/2018\/10\/WhatsApp-Image-2018-10-30-at-08.55.21-768x1024.jpeg\" data-src=\"https:\/\/eldiariodesanpedro.com.ar\/sitio\/wp-content\/uploads\/2018\/10\/WhatsApp-Image-2018-10-30-at-08.55.21-768x1024.jpeg\" alt=\"\" width=\"660\" height=\"880\" class=\"alignnone size-large wp-image-42713 lazyload\" data-srcset=\"https:\/\/eldiariodesanpedro.com.ar\/sitio\/wp-content\/uploads\/2018\/10\/WhatsApp-Image-2018-10-30-at-08.55.21-768x1024.jpeg 768w, https:\/\/eldiariodesanpedro.com.ar\/sitio\/wp-content\/uploads\/2018\/10\/WhatsApp-Image-2018-10-30-at-08.55.21-225x300.jpeg 225w, https:\/\/eldiariodesanpedro.com.ar\/sitio\/wp-content\/uploads\/2018\/10\/WhatsApp-Image-2018-10-30-at-08.55.21.jpeg 960w\" data-sizes=\"(max-width: 660px) 100vw, 660px\" src=\"data:image\/svg+xml;base64,PHN2ZyB3aWR0aD0iMSIgaGVpZ2h0PSIxIiB4bWxucz0iaHR0cDovL3d3dy53My5vcmcvMjAwMC9zdmciPjwvc3ZnPg==\" style=\"--smush-placeholder-width: 660px; --smush-placeholder-aspect-ratio: 660\/880;\" \/><\/p>\n<p><img decoding=\"async\" data-attachment-id=\"42714\" data-permalink=\"https:\/\/eldiariodesanpedro.com.ar\/sitio\/primer-jornada-de-limpieza-y-censo-de-la-basura-en-santa-lucia\/whatsapp-image-2018-10-30-at-08-55-22\/\" data-orig-file=\"https:\/\/eldiariodesanpedro.com.ar\/sitio\/wp-content\/uploads\/2018\/10\/WhatsApp-Image-2018-10-30-at-08.55.22.jpeg\" data-orig-size=\"1032,774\" data-comments-opened=\"1\" data-image-meta=\"{&quot;aperture&quot;:&quot;0&quot;,&quot;credit&quot;:&quot;&quot;,&quot;camera&quot;:&quot;&quot;,&quot;caption&quot;:&quot;&quot;,&quot;created_timestamp&quot;:&quot;0&quot;,&quot;copyright&quot;:&quot;&quot;,&quot;focal_length&quot;:&quot;0&quot;,&quot;iso&quot;:&quot;0&quot;,&quot;shutter_speed&quot;:&quot;0&quot;,&quot;title&quot;:&quot;&quot;,&quot;orientation&quot;:&quot;0&quot;}\" data-image-title=\"WhatsApp Image 2018-10-30 at 08.55.22\" data-image-description=\"\" data-image-caption=\"\" data-large-file=\"https:\/\/eldiariodesanpedro.com.ar\/sitio\/wp-content\/uploads\/2018\/10\/WhatsApp-Image-2018-10-30-at-08.55.22-1024x768.jpeg\" data-src=\"https:\/\/eldiariodesanpedro.com.ar\/sitio\/wp-content\/uploads\/2018\/10\/WhatsApp-Image-2018-10-30-at-08.55.22-1024x768.jpeg\" alt=\"\" width=\"660\" height=\"495\" class=\"alignnone size-large wp-image-42714 lazyload\" data-srcset=\"https:\/\/eldiariodesanpedro.com.ar\/sitio\/wp-content\/uploads\/2018\/10\/WhatsApp-Image-2018-10-30-at-08.55.22-1024x768.jpeg 1024w, https:\/\/eldiariodesanpedro.com.ar\/sitio\/wp-content\/uploads\/2018\/10\/WhatsApp-Image-2018-10-30-at-08.55.22-300x225.jpeg 300w, https:\/\/eldiariodesanpedro.com.ar\/sitio\/wp-content\/uploads\/2018\/10\/WhatsApp-Image-2018-10-30-at-08.55.22-768x576.jpeg 768w, https:\/\/eldiariodesanpedro.com.ar\/sitio\/wp-content\/uploads\/2018\/10\/WhatsApp-Image-2018-10-30-at-08.55.22.jpeg 1032w\" data-sizes=\"(max-width: 660px) 100vw, 660px\" src=\"data:image\/svg+xml;base64,PHN2ZyB3aWR0aD0iMSIgaGVpZ2h0PSIxIiB4bWxucz0iaHR0cDovL3d3dy53My5vcmcvMjAwMC9zdmciPjwvc3ZnPg==\" style=\"--smush-placeholder-width: 660px; --smush-placeholder-aspect-ratio: 660\/495;\" \/><\/p>\n<p><img decoding=\"async\" data-attachment-id=\"42715\" data-permalink=\"https:\/\/eldiariodesanpedro.com.ar\/sitio\/primer-jornada-de-limpieza-y-censo-de-la-basura-en-santa-lucia\/whatsapp-image-2018-10-30-at-08-55-36\/\" data-orig-file=\"https:\/\/eldiariodesanpedro.com.ar\/sitio\/wp-content\/uploads\/2018\/10\/WhatsApp-Image-2018-10-30-at-08.55.36.jpeg\" data-orig-size=\"1280,768\" data-comments-opened=\"1\" data-image-meta=\"{&quot;aperture&quot;:&quot;0&quot;,&quot;credit&quot;:&quot;&quot;,&quot;camera&quot;:&quot;&quot;,&quot;caption&quot;:&quot;&quot;,&quot;created_timestamp&quot;:&quot;0&quot;,&quot;copyright&quot;:&quot;&quot;,&quot;focal_length&quot;:&quot;0&quot;,&quot;iso&quot;:&quot;0&quot;,&quot;shutter_speed&quot;:&quot;0&quot;,&quot;title&quot;:&quot;&quot;,&quot;orientation&quot;:&quot;0&quot;}\" data-image-title=\"WhatsApp Image 2018-10-30 at 08.55.36\" data-image-description=\"\" data-image-caption=\"\" data-large-file=\"https:\/\/eldiariodesanpedro.com.ar\/sitio\/wp-content\/uploads\/2018\/10\/WhatsApp-Image-2018-10-30-at-08.55.36-1024x614.jpeg\" data-src=\"https:\/\/eldiariodesanpedro.com.ar\/sitio\/wp-content\/uploads\/2018\/10\/WhatsApp-Image-2018-10-30-at-08.55.36-1024x614.jpeg\" alt=\"\" width=\"660\" height=\"396\" class=\"alignnone size-large wp-image-42715 lazyload\" data-srcset=\"https:\/\/eldiariodesanpedro.com.ar\/sitio\/wp-content\/uploads\/2018\/10\/WhatsApp-Image-2018-10-30-at-08.55.36-1024x614.jpeg 1024w, https:\/\/eldiariodesanpedro.com.ar\/sitio\/wp-content\/uploads\/2018\/10\/WhatsApp-Image-2018-10-30-at-08.55.36-300x180.jpeg 300w, https:\/\/eldiariodesanpedro.com.ar\/sitio\/wp-content\/uploads\/2018\/10\/WhatsApp-Image-2018-10-30-at-08.55.36-768x461.jpeg 768w, https:\/\/eldiariodesanpedro.com.ar\/sitio\/wp-content\/uploads\/2018\/10\/WhatsApp-Image-2018-10-30-at-08.55.36.jpeg 1280w\" data-sizes=\"(max-width: 660px) 100vw, 660px\" src=\"data:image\/svg+xml;base64,PHN2ZyB3aWR0aD0iMSIgaGVpZ2h0PSIxIiB4bWxucz0iaHR0cDovL3d3dy53My5vcmcvMjAwMC9zdmciPjwvc3ZnPg==\" style=\"--smush-placeholder-width: 660px; --smush-placeholder-aspect-ratio: 660\/396;\" \/><\/p>\n","protected":false},"excerpt":{"rendered":"<p>Durante el lunes 29 y en una doble jornada de trabajo, alumnos de la Escuela Media N\u00b01 y del Instituto Agrot\u00e9cnico \u00abMargarita O&#8217;Farrell de Maguire\u00bb, la Delegaci\u00f3n Municipal de Santa Luc\u00eda y vecinos voluntarios, realizaron la Primer Jornada de Limpieza y Censo de la Basura en Santa Luc\u00eda. Esta acci\u00f3n fue organizada y convocada por [&hellip;]<\/p>\n","protected":false},"author":4,"featured_media":42715,"comment_status":"open","ping_status":"closed","sticky":false,"template":"","format":"standard","meta":{"om_disable_all_campaigns":false,"_jetpack_memberships_contains_paid_content":false,"footnotes":""},"categories":[101,2],"tags":[],"class_list":["post-42709","post","type-post","status-publish","format-standard","has-post-thumbnail","hentry","category-interes-general-locales","category-locales"],"aioseo_notices":[],"gutentor_comment":0,"jetpack_featured_media_url":"https:\/\/eldiariodesanpedro.com.ar\/sitio\/wp-content\/uploads\/2018\/10\/WhatsApp-Image-2018-10-30-at-08.55.36.jpeg","jetpack_shortlink":"https:\/\/wp.me\/p6RhLt-b6R","jetpack_sharing_enabled":true,"_links":{"self":[{"href":"https:\/\/eldiariodesanpedro.com.ar\/sitio\/wp-json\/wp\/v2\/posts\/42709","targetHints":{"allow":["GET"]}}],"collection":[{"href":"https:\/\/eldiariodesanpedro.com.ar\/sitio\/wp-json\/wp\/v2\/posts"}],"about":[{"href":"https:\/\/eldiariodesanpedro.com.ar\/sitio\/wp-json\/wp\/v2\/types\/post"}],"author":[{"embeddable":true,"href":"https:\/\/eldiariodesanpedro.com.ar\/sitio\/wp-json\/wp\/v2\/users\/4"}],"replies":[{"embeddable":true,"href":"https:\/\/eldiariodesanpedro.com.ar\/sitio\/wp-json\/wp\/v2\/comments?post=42709"}],"version-history":[{"count":1,"href":"https:\/\/eldiariodesanpedro.com.ar\/sitio\/wp-json\/wp\/v2\/posts\/42709\/revisions"}],"predecessor-version":[{"id":42716,"href":"https:\/\/eldiariodesanpedro.com.ar\/sitio\/wp-json\/wp\/v2\/posts\/42709\/revisions\/42716"}],"wp:featuredmedia":[{"embeddable":true,"href":"https:\/\/eldiariodesanpedro.com.ar\/sitio\/wp-json\/wp\/v2\/media\/42715"}],"wp:attachment":[{"href":"https:\/\/eldiariodesanpedro.com.ar\/sitio\/wp-json\/wp\/v2\/media?parent=42709"}],"wp:term":[{"taxonomy":"category","embeddable":true,"href":"https:\/\/eldiariodesanpedro.com.ar\/sitio\/wp-json\/wp\/v2\/categories?post=42709"},{"taxonomy":"post_tag","embeddable":true,"href":"https:\/\/eldiariodesanpedro.com.ar\/sitio\/wp-json\/wp\/v2\/tags?post=42709"}],"curies":[{"name":"wp","href":"https:\/\/api.w.org\/{rel}","templated":true}]}}