{"id":42706,"date":"2018-10-30T10:17:36","date_gmt":"2018-10-30T13:17:36","guid":{"rendered":"https:\/\/eldiariodesanpedro.com.ar\/sitio\/?p=42706"},"modified":"2018-10-30T10:17:36","modified_gmt":"2018-10-30T13:17:36","slug":"proyecto-de-la-direccion-de-rentas-seleccionado-para-un-programa-del-bid","status":"publish","type":"post","link":"https:\/\/eldiariodesanpedro.com.ar\/sitio\/proyecto-de-la-direccion-de-rentas-seleccionado-para-un-programa-del-bid\/","title":{"rendered":"Proyecto de la Direcci\u00f3n de Rentas seleccionado para un programa del BID"},"content":{"rendered":"<p><!-- VideographyWP Plugin Message: Automatic video embedding prevented by plugin options. --><br \/>\nLa Municipalidad de San Pedro obtuvo a un valioso reconocimiento con la selecci\u00f3n de proyectos presentados por la Direcci\u00f3n de Rentas en las recientes jornadas sobre \u201cProgramas de formaci\u00f3n y dise\u00f1o de experimentos de Econom\u00eda del Comportamiento\u201d organizadas en el marco de las Mesas de Ecosistemas en Innovaci\u00f3n P\u00fablica. <\/p>\n<p>Esta actividad en la Ciudad de Buenos Aires, fue planteada de manera conjunta por RIL (Red de Innovaci\u00f3n Local), la Universidad Torcuato Di Tella, el Cepe (Centro de Evaluaci\u00f3n de Pol\u00edticas Basadas en la Evidencia) y el BID (Banco Interamericano de Desarrollo).<\/p>\n<p>Durante su desarrollo se expusieron trabajos sobre Econom\u00eda del Comportamiento y Dise\u00f1o de Intervenciones, Metodolog\u00edas de Evaluaci\u00f3n de Impacto de Proyectos e Implementaci\u00f3n de Proyectos y An\u00e1lisis de Factibilidad.<\/p>\n<p>La presentaci\u00f3n realizada por los representantes de la Municipalidad de San Pedro result\u00f3 elegida como una de las dos, en las que se recibir\u00e1 financiamiento de un proyecto enfocado a \u201cLa Econom\u00eda del comportamiento \u2013 Enfocado en los Ingresos P\u00fablicos\u201d. <\/p>\n<p>En los pr\u00f3ximos d\u00edas se compartir\u00e1n mayores detalles sobre la presentaci\u00f3n sampedrina junto a detalles relacionados con los pasos hacia su implementaci\u00f3n.<\/p>\n","protected":false},"excerpt":{"rendered":"<p>La Municipalidad de San Pedro obtuvo a un valioso reconocimiento con la selecci\u00f3n de proyectos presentados por la Direcci\u00f3n de Rentas en las recientes jornadas sobre \u201cProgramas de formaci\u00f3n y dise\u00f1o de experimentos de Econom\u00eda del Comportamiento\u201d organizadas en el marco de las Mesas de Ecosistemas en Innovaci\u00f3n P\u00fablica. Esta actividad en la Ciudad de [&hellip;]<\/p>\n","protected":false},"author":4,"featured_media":42707,"comment_status":"open","ping_status":"closed","sticky":false,"template":"","format":"standard","meta":{"om_disable_all_campaigns":false,"_jetpack_memberships_contains_paid_content":false,"footnotes":""},"categories":[101,2],"tags":[],"class_list":["post-42706","post","type-post","status-publish","format-standard","has-post-thumbnail","hentry","category-interes-general-locales","category-locales"],"aioseo_notices":[],"gutentor_comment":0,"jetpack_featured_media_url":"https:\/\/eldiariodesanpedro.com.ar\/sitio\/wp-content\/uploads\/2018\/10\/pastedImage-8.png","jetpack_shortlink":"https:\/\/wp.me\/p6RhLt-b6O","jetpack_sharing_enabled":true,"_links":{"self":[{"href":"https:\/\/eldiariodesanpedro.com.ar\/sitio\/wp-json\/wp\/v2\/posts\/42706","targetHints":{"allow":["GET"]}}],"collection":[{"href":"https:\/\/eldiariodesanpedro.com.ar\/sitio\/wp-json\/wp\/v2\/posts"}],"about":[{"href":"https:\/\/eldiariodesanpedro.com.ar\/sitio\/wp-json\/wp\/v2\/types\/post"}],"author":[{"embeddable":true,"href":"https:\/\/eldiariodesanpedro.com.ar\/sitio\/wp-json\/wp\/v2\/users\/4"}],"replies":[{"embeddable":true,"href":"https:\/\/eldiariodesanpedro.com.ar\/sitio\/wp-json\/wp\/v2\/comments?post=42706"}],"version-history":[{"count":1,"href":"https:\/\/eldiariodesanpedro.com.ar\/sitio\/wp-json\/wp\/v2\/posts\/42706\/revisions"}],"predecessor-version":[{"id":42708,"href":"https:\/\/eldiariodesanpedro.com.ar\/sitio\/wp-json\/wp\/v2\/posts\/42706\/revisions\/42708"}],"wp:featuredmedia":[{"embeddable":true,"href":"https:\/\/eldiariodesanpedro.com.ar\/sitio\/wp-json\/wp\/v2\/media\/42707"}],"wp:attachment":[{"href":"https:\/\/eldiariodesanpedro.com.ar\/sitio\/wp-json\/wp\/v2\/media?parent=42706"}],"wp:term":[{"taxonomy":"category","embeddable":true,"href":"https:\/\/eldiariodesanpedro.com.ar\/sitio\/wp-json\/wp\/v2\/categories?post=42706"},{"taxonomy":"post_tag","embeddable":true,"href":"https:\/\/eldiariodesanpedro.com.ar\/sitio\/wp-json\/wp\/v2\/tags?post=42706"}],"curies":[{"name":"wp","href":"https:\/\/api.w.org\/{rel}","templated":true}]}}