{"id":42698,"date":"2018-10-30T09:28:09","date_gmt":"2018-10-30T12:28:09","guid":{"rendered":"https:\/\/eldiariodesanpedro.com.ar\/sitio\/?p=42698"},"modified":"2018-10-30T09:28:09","modified_gmt":"2018-10-30T12:28:09","slug":"coopser-detalles-del-nuevo-consejo-de-administracion","status":"publish","type":"post","link":"https:\/\/eldiariodesanpedro.com.ar\/sitio\/coopser-detalles-del-nuevo-consejo-de-administracion\/","title":{"rendered":"Coopser: Detalles del nuevo consejo de administracion"},"content":{"rendered":"<p><!-- VideographyWP Plugin Message: Automatic video embedding prevented by plugin options. --><br \/>\nEl viernes 26 de octubre tuvo lugar en el Sal\u00f3n Comunitario de Pellegrini y Honorio Pueyrred\u00f3n, la asamblea anual ordinaria de la Cooperativa de Provisi\u00f3n de Servicios El\u00e9ctricos, P\u00fablicos y Sociales de San Pedro, con un orden del d\u00eda en el que se trataron diferentes puntos incluyendo la renovaci\u00f3n de autoridades.<\/p>\n<p>El Consejo de Administraci\u00f3n qued\u00f3 a cargo de Pablo Peralta que renov\u00f3 como presidente, Alberto Aguilera como vice; Miguel Angel Madrid como secretario; e Ivan Groppo como tesorero. Los s\u00edndicos titular y suplente tambi\u00e9n son los mismos: Manuel Montesino y Oscar Silva, respectivamente.<\/p>\n<p>Hay tres vocales titulares del oficialismo que le responden directamente: el concejal Mat\u00edas Franco, que renunci\u00f3 como representante del HCD para asumir en el Consejo de Administraci\u00f3n y su lugar lo tomar\u00e1 Gerardo Pelletier; el secretario de Obras y Servicios P\u00fablicos, Ariel \u00c1lvarez; y el delegado de Gobernador Castro, \u00c1ngel \u00c1lvarez.<\/p>\n<p>Tambi\u00e9n uno de los temas que se destaco en la Asamblea es la de ofrecer a los socios un servicio de salud accesible a trav\u00e9s de una mutual cuya apertura ser\u00e1 estudiada durante 2019.<\/p>\n","protected":false},"excerpt":{"rendered":"<p>El viernes 26 de octubre tuvo lugar en el Sal\u00f3n Comunitario de Pellegrini y Honorio Pueyrred\u00f3n, la asamblea anual ordinaria de la Cooperativa de Provisi\u00f3n de Servicios El\u00e9ctricos, P\u00fablicos y Sociales de San Pedro, con un orden del d\u00eda en el que se trataron diferentes puntos incluyendo la renovaci\u00f3n de autoridades. El Consejo de Administraci\u00f3n [&hellip;]<\/p>\n","protected":false},"author":4,"featured_media":42558,"comment_status":"open","ping_status":"closed","sticky":false,"template":"","format":"standard","meta":{"om_disable_all_campaigns":false,"_jetpack_memberships_contains_paid_content":false,"footnotes":""},"categories":[50,101,2],"tags":[],"class_list":["post-42698","post","type-post","status-publish","format-standard","has-post-thumbnail","hentry","category-destacadas","category-interes-general-locales","category-locales"],"aioseo_notices":[],"gutentor_comment":0,"jetpack_featured_media_url":"https:\/\/eldiariodesanpedro.com.ar\/sitio\/wp-content\/uploads\/2018\/10\/a5.jpg","jetpack_shortlink":"https:\/\/wp.me\/p6RhLt-b6G","jetpack_sharing_enabled":true,"_links":{"self":[{"href":"https:\/\/eldiariodesanpedro.com.ar\/sitio\/wp-json\/wp\/v2\/posts\/42698","targetHints":{"allow":["GET"]}}],"collection":[{"href":"https:\/\/eldiariodesanpedro.com.ar\/sitio\/wp-json\/wp\/v2\/posts"}],"about":[{"href":"https:\/\/eldiariodesanpedro.com.ar\/sitio\/wp-json\/wp\/v2\/types\/post"}],"author":[{"embeddable":true,"href":"https:\/\/eldiariodesanpedro.com.ar\/sitio\/wp-json\/wp\/v2\/users\/4"}],"replies":[{"embeddable":true,"href":"https:\/\/eldiariodesanpedro.com.ar\/sitio\/wp-json\/wp\/v2\/comments?post=42698"}],"version-history":[{"count":1,"href":"https:\/\/eldiariodesanpedro.com.ar\/sitio\/wp-json\/wp\/v2\/posts\/42698\/revisions"}],"predecessor-version":[{"id":42699,"href":"https:\/\/eldiariodesanpedro.com.ar\/sitio\/wp-json\/wp\/v2\/posts\/42698\/revisions\/42699"}],"wp:featuredmedia":[{"embeddable":true,"href":"https:\/\/eldiariodesanpedro.com.ar\/sitio\/wp-json\/wp\/v2\/media\/42558"}],"wp:attachment":[{"href":"https:\/\/eldiariodesanpedro.com.ar\/sitio\/wp-json\/wp\/v2\/media?parent=42698"}],"wp:term":[{"taxonomy":"category","embeddable":true,"href":"https:\/\/eldiariodesanpedro.com.ar\/sitio\/wp-json\/wp\/v2\/categories?post=42698"},{"taxonomy":"post_tag","embeddable":true,"href":"https:\/\/eldiariodesanpedro.com.ar\/sitio\/wp-json\/wp\/v2\/tags?post=42698"}],"curies":[{"name":"wp","href":"https:\/\/api.w.org\/{rel}","templated":true}]}}