{"id":42694,"date":"2018-10-30T08:47:58","date_gmt":"2018-10-30T11:47:58","guid":{"rendered":"https:\/\/eldiariodesanpedro.com.ar\/sitio\/?p=42694"},"modified":"2018-10-30T08:47:58","modified_gmt":"2018-10-30T11:47:58","slug":"un-hombre-fue-aprehendido-por-agredir-fisicamente-a-su-pareja","status":"publish","type":"post","link":"https:\/\/eldiariodesanpedro.com.ar\/sitio\/un-hombre-fue-aprehendido-por-agredir-fisicamente-a-su-pareja\/","title":{"rendered":"Un hombre fue aprehendido por agredir f\u00edsicamente a su pareja"},"content":{"rendered":"<p><!-- VideographyWP Plugin Message: Automatic video embedding prevented by plugin options. --><br \/>\nEste lunes se conoci\u00f3 un hecho de violencia familiar, donde personal policial pudo proceder a la aprehensi\u00f3n del agresor en el mismo domicilio que se estaba dando el hecho.<\/p>\n<p>As\u00ed fue como en una vivienda ubicada en calle Laprida y Callej\u00f3n Iglesias, un ciudadano de 46 a\u00f1os de edad, quien convive con su pareja de 62, por medio de una discusi\u00f3n comenz\u00f3 a agredirla  f\u00edsicamente  caus\u00e1ndoles lesiones leves, adem\u00e1s tambi\u00e9n provoc\u00f3 da\u00f1os en el interior del domicilio.<\/p>\n<p>El agresor fue trasladado a la seccional Policial; toma intervenci\u00f3n la UFI N\u00b05. <\/p>\n","protected":false},"excerpt":{"rendered":"<p>Este lunes se conoci\u00f3 un hecho de violencia familiar, donde personal policial pudo proceder a la aprehensi\u00f3n del agresor en el mismo domicilio que se estaba dando el hecho. As\u00ed fue como en una vivienda ubicada en calle Laprida y Callej\u00f3n Iglesias, un ciudadano de 46 a\u00f1os de edad, quien convive con su pareja de [&hellip;]<\/p>\n","protected":false},"author":4,"featured_media":10486,"comment_status":"open","ping_status":"closed","sticky":false,"template":"","format":"standard","meta":{"om_disable_all_campaigns":false,"_jetpack_memberships_contains_paid_content":false,"footnotes":""},"categories":[2,103],"tags":[],"class_list":["post-42694","post","type-post","status-publish","format-standard","has-post-thumbnail","hentry","category-locales","category-policiales-locales"],"aioseo_notices":[],"gutentor_comment":0,"jetpack_featured_media_url":"https:\/\/eldiariodesanpedro.com.ar\/sitio\/wp-content\/uploads\/2016\/11\/violencia-de-genero.jpg","jetpack_shortlink":"https:\/\/wp.me\/p6RhLt-b6C","jetpack_sharing_enabled":true,"_links":{"self":[{"href":"https:\/\/eldiariodesanpedro.com.ar\/sitio\/wp-json\/wp\/v2\/posts\/42694","targetHints":{"allow":["GET"]}}],"collection":[{"href":"https:\/\/eldiariodesanpedro.com.ar\/sitio\/wp-json\/wp\/v2\/posts"}],"about":[{"href":"https:\/\/eldiariodesanpedro.com.ar\/sitio\/wp-json\/wp\/v2\/types\/post"}],"author":[{"embeddable":true,"href":"https:\/\/eldiariodesanpedro.com.ar\/sitio\/wp-json\/wp\/v2\/users\/4"}],"replies":[{"embeddable":true,"href":"https:\/\/eldiariodesanpedro.com.ar\/sitio\/wp-json\/wp\/v2\/comments?post=42694"}],"version-history":[{"count":1,"href":"https:\/\/eldiariodesanpedro.com.ar\/sitio\/wp-json\/wp\/v2\/posts\/42694\/revisions"}],"predecessor-version":[{"id":42695,"href":"https:\/\/eldiariodesanpedro.com.ar\/sitio\/wp-json\/wp\/v2\/posts\/42694\/revisions\/42695"}],"wp:featuredmedia":[{"embeddable":true,"href":"https:\/\/eldiariodesanpedro.com.ar\/sitio\/wp-json\/wp\/v2\/media\/10486"}],"wp:attachment":[{"href":"https:\/\/eldiariodesanpedro.com.ar\/sitio\/wp-json\/wp\/v2\/media?parent=42694"}],"wp:term":[{"taxonomy":"category","embeddable":true,"href":"https:\/\/eldiariodesanpedro.com.ar\/sitio\/wp-json\/wp\/v2\/categories?post=42694"},{"taxonomy":"post_tag","embeddable":true,"href":"https:\/\/eldiariodesanpedro.com.ar\/sitio\/wp-json\/wp\/v2\/tags?post=42694"}],"curies":[{"name":"wp","href":"https:\/\/api.w.org\/{rel}","templated":true}]}}