{"id":42685,"date":"2018-10-29T20:45:57","date_gmt":"2018-10-29T23:45:57","guid":{"rendered":"https:\/\/eldiariodesanpedro.com.ar\/sitio\/?p=42685"},"modified":"2018-10-29T20:45:57","modified_gmt":"2018-10-29T23:45:57","slug":"campana-avanza-la-construccion-de-la-escuela-secundaria-del-barrio-lubo","status":"publish","type":"post","link":"https:\/\/eldiariodesanpedro.com.ar\/sitio\/campana-avanza-la-construccion-de-la-escuela-secundaria-del-barrio-lubo\/","title":{"rendered":"CAMPANA: Avanza la construcci\u00f3n de la Escuela Secundaria del barrio Lubo"},"content":{"rendered":"<p><!-- VideographyWP Plugin Message: Automatic video embedding prevented by plugin options. --><br \/>\nEl intendente Sebasti\u00e1n Abella visit\u00f3 la obra del nuevo edificio de la Escuela Secundaria N\u00ba 14 del barrio Lubo, que se construye sobre el terreno donde funcionaba la Caballer\u00eda<\/p>\n<p>  El jefe comunal concurri\u00f3 acompa\u00f1ado por la jefa de Gabinete, Mariela Schvartz; la subsecretaria de Pol\u00edticas Integrales de Cultura y Educaci\u00f3n, Nelda Garc\u00eda; y la directora de Infraestructura Escolar, Gilda Bonatti; y se interioriz\u00f3 sobre los avances y detalles de los trabajos al dialogar con el responsable de la obra.<br \/>\n  La obra \u2013 que se lleva adelante con fondos provenientes del Ministerio de Educaci\u00f3n y Deportes de la Naci\u00f3n y la Direcci\u00f3n de Infraestructura Escolar de la Provincia de Buenos Aires- avanza a buen ritmo y ya tiene erigidas las columnas de hormig\u00f3n armado y parte de la losa para lo que ser\u00e1n las dos plantas que tendr\u00e1 12 aulas, incluyendo preceptor\u00eda, direcci\u00f3n y patio cerrado.<br \/>\n  De esta manera, los alumnos de 1\u00ba a 6\u00ba a\u00f1o podr\u00e1n tener su espacio propio e independizarse de las escuelas primarias N\u00ba 20 y N\u00ba 29 donde actualmente acuden a estudiar.<br \/>\n  \u00abEs un orgullo poder concretar otra obra que era un pedido hist\u00f3rico por la comunidad educativa de la ciudad y, principalmente, de los vecinos de barrio\u00bb, se\u00f1al\u00f3 Abella, que tambi\u00e9n sostuvo que el desarrollo de esta construcci\u00f3n \u00abdemuestra que la obra p\u00fablica en Campana no se fren\u00f3\u00bb.<\/p>\n<p>Fuente: Campana Noticias<\/p>\n","protected":false},"excerpt":{"rendered":"<p>El intendente Sebasti\u00e1n Abella visit\u00f3 la obra del nuevo edificio de la Escuela Secundaria N\u00ba 14 del barrio Lubo, que se construye sobre el terreno donde funcionaba la Caballer\u00eda El jefe comunal concurri\u00f3 acompa\u00f1ado por la jefa de Gabinete, Mariela Schvartz; la subsecretaria de Pol\u00edticas Integrales de Cultura y Educaci\u00f3n, Nelda Garc\u00eda; y la directora [&hellip;]<\/p>\n","protected":false},"author":4,"featured_media":42687,"comment_status":"open","ping_status":"closed","sticky":false,"template":"","format":"standard","meta":{"om_disable_all_campaigns":false,"_jetpack_memberships_contains_paid_content":false,"footnotes":""},"categories":[621],"tags":[],"class_list":["post-42685","post","type-post","status-publish","format-standard","has-post-thumbnail","hentry","category-regionales"],"aioseo_notices":[],"gutentor_comment":0,"jetpack_featured_media_url":"https:\/\/eldiariodesanpedro.com.ar\/sitio\/wp-content\/uploads\/2018\/10\/Avanza-la-construcci\u00f3n-de-la-Escuela-Secundaria-del-barrio-Lubo.jpg","jetpack_shortlink":"https:\/\/wp.me\/p6RhLt-b6t","jetpack_sharing_enabled":true,"_links":{"self":[{"href":"https:\/\/eldiariodesanpedro.com.ar\/sitio\/wp-json\/wp\/v2\/posts\/42685","targetHints":{"allow":["GET"]}}],"collection":[{"href":"https:\/\/eldiariodesanpedro.com.ar\/sitio\/wp-json\/wp\/v2\/posts"}],"about":[{"href":"https:\/\/eldiariodesanpedro.com.ar\/sitio\/wp-json\/wp\/v2\/types\/post"}],"author":[{"embeddable":true,"href":"https:\/\/eldiariodesanpedro.com.ar\/sitio\/wp-json\/wp\/v2\/users\/4"}],"replies":[{"embeddable":true,"href":"https:\/\/eldiariodesanpedro.com.ar\/sitio\/wp-json\/wp\/v2\/comments?post=42685"}],"version-history":[{"count":1,"href":"https:\/\/eldiariodesanpedro.com.ar\/sitio\/wp-json\/wp\/v2\/posts\/42685\/revisions"}],"predecessor-version":[{"id":42688,"href":"https:\/\/eldiariodesanpedro.com.ar\/sitio\/wp-json\/wp\/v2\/posts\/42685\/revisions\/42688"}],"wp:featuredmedia":[{"embeddable":true,"href":"https:\/\/eldiariodesanpedro.com.ar\/sitio\/wp-json\/wp\/v2\/media\/42687"}],"wp:attachment":[{"href":"https:\/\/eldiariodesanpedro.com.ar\/sitio\/wp-json\/wp\/v2\/media?parent=42685"}],"wp:term":[{"taxonomy":"category","embeddable":true,"href":"https:\/\/eldiariodesanpedro.com.ar\/sitio\/wp-json\/wp\/v2\/categories?post=42685"},{"taxonomy":"post_tag","embeddable":true,"href":"https:\/\/eldiariodesanpedro.com.ar\/sitio\/wp-json\/wp\/v2\/tags?post=42685"}],"curies":[{"name":"wp","href":"https:\/\/api.w.org\/{rel}","templated":true}]}}