{"id":42676,"date":"2018-10-29T20:37:37","date_gmt":"2018-10-29T23:37:37","guid":{"rendered":"https:\/\/eldiariodesanpedro.com.ar\/sitio\/?p=42676"},"modified":"2018-10-29T20:37:37","modified_gmt":"2018-10-29T23:37:37","slug":"arrecifes-aumento-para-los-empleados-municipales","status":"publish","type":"post","link":"https:\/\/eldiariodesanpedro.com.ar\/sitio\/arrecifes-aumento-para-los-empleados-municipales\/","title":{"rendered":"ARRECIFES: Aumento para los empleados municipales"},"content":{"rendered":"<p><!-- VideographyWP Plugin Message: Automatic video embedding prevented by plugin options. --><br \/>\nEl Sindicato de Trabajadores Municipales de Arrecifes, encabezado por Juan Jos\u00e9 Maury, inform\u00f3 a todos sus afiliados y no afiliados que \u201carrib\u00f3 a un acuerdo de recomposici\u00f3n salarial con el Departamento Ejecutivo Municipal, por una suma fija remunerativa para este mes y hasta febrero de 2019 de $ 2.800.<\/p>\n<p>  El porcentaje que corresponda a este importe ser\u00e1 incorporado al sueldo b\u00e1sico a partir de marzo de 2019. Y siendo una suma remunerativa, se incluye en el c\u00e1lculo del aguinaldo\u201d.<br \/>\nPor otra parte, comunic\u00f3 que \u201cen diciembre de este a\u00f1o, junto con el sueldo y el aguinaldo, se cobrar\u00e1 por \u00fanica vez una suma fija de $ 2.000 (conocido como \u2018bono navide\u00f1o\u2019)\u201d.<br \/>\n  Es un muy interesante logro del Sindicato, con la buena predisposici\u00f3n del intendente Javier Olaeta a otorgarlo, ya que hasta marzo de 2019 no correspond\u00eda renegociar salarios. Pero atento a la dif\u00edcil situaci\u00f3n econ\u00f3mica por todos conocida, se atendi\u00f3 y respondi\u00f3 a este nuevo y l\u00f3gico reclamo del gremio que nuclea a los empleados municipales.<\/p>\n<p>Fuente: Arrecifes Noticias<\/p>\n","protected":false},"excerpt":{"rendered":"<p>El Sindicato de Trabajadores Municipales de Arrecifes, encabezado por Juan Jos\u00e9 Maury, inform\u00f3 a todos sus afiliados y no afiliados que \u201carrib\u00f3 a un acuerdo de recomposici\u00f3n salarial con el Departamento Ejecutivo Municipal, por una suma fija remunerativa para este mes y hasta febrero de 2019 de $ 2.800. El porcentaje que corresponda a este [&hellip;]<\/p>\n","protected":false},"author":4,"featured_media":42678,"comment_status":"open","ping_status":"closed","sticky":false,"template":"","format":"standard","meta":{"om_disable_all_campaigns":false,"_jetpack_memberships_contains_paid_content":false,"footnotes":""},"categories":[621],"tags":[],"class_list":["post-42676","post","type-post","status-publish","format-standard","has-post-thumbnail","hentry","category-regionales"],"aioseo_notices":[],"gutentor_comment":0,"jetpack_featured_media_url":"https:\/\/eldiariodesanpedro.com.ar\/sitio\/wp-content\/uploads\/2018\/10\/Juan-Jose-Maury.jpg","jetpack_shortlink":"https:\/\/wp.me\/p6RhLt-b6k","jetpack_sharing_enabled":true,"_links":{"self":[{"href":"https:\/\/eldiariodesanpedro.com.ar\/sitio\/wp-json\/wp\/v2\/posts\/42676","targetHints":{"allow":["GET"]}}],"collection":[{"href":"https:\/\/eldiariodesanpedro.com.ar\/sitio\/wp-json\/wp\/v2\/posts"}],"about":[{"href":"https:\/\/eldiariodesanpedro.com.ar\/sitio\/wp-json\/wp\/v2\/types\/post"}],"author":[{"embeddable":true,"href":"https:\/\/eldiariodesanpedro.com.ar\/sitio\/wp-json\/wp\/v2\/users\/4"}],"replies":[{"embeddable":true,"href":"https:\/\/eldiariodesanpedro.com.ar\/sitio\/wp-json\/wp\/v2\/comments?post=42676"}],"version-history":[{"count":1,"href":"https:\/\/eldiariodesanpedro.com.ar\/sitio\/wp-json\/wp\/v2\/posts\/42676\/revisions"}],"predecessor-version":[{"id":42680,"href":"https:\/\/eldiariodesanpedro.com.ar\/sitio\/wp-json\/wp\/v2\/posts\/42676\/revisions\/42680"}],"wp:featuredmedia":[{"embeddable":true,"href":"https:\/\/eldiariodesanpedro.com.ar\/sitio\/wp-json\/wp\/v2\/media\/42678"}],"wp:attachment":[{"href":"https:\/\/eldiariodesanpedro.com.ar\/sitio\/wp-json\/wp\/v2\/media?parent=42676"}],"wp:term":[{"taxonomy":"category","embeddable":true,"href":"https:\/\/eldiariodesanpedro.com.ar\/sitio\/wp-json\/wp\/v2\/categories?post=42676"},{"taxonomy":"post_tag","embeddable":true,"href":"https:\/\/eldiariodesanpedro.com.ar\/sitio\/wp-json\/wp\/v2\/tags?post=42676"}],"curies":[{"name":"wp","href":"https:\/\/api.w.org\/{rel}","templated":true}]}}