{"id":42673,"date":"2018-10-29T20:35:17","date_gmt":"2018-10-29T23:35:17","guid":{"rendered":"https:\/\/eldiariodesanpedro.com.ar\/sitio\/?p=42673"},"modified":"2018-10-29T20:35:17","modified_gmt":"2018-10-29T23:35:17","slug":"zarate-se-senalizara-la-comisaria-como-ex-centro-clandestino-de-detencion-y-tortura","status":"publish","type":"post","link":"https:\/\/eldiariodesanpedro.com.ar\/sitio\/zarate-se-senalizara-la-comisaria-como-ex-centro-clandestino-de-detencion-y-tortura\/","title":{"rendered":"Z\u00c1RATE: Se se\u00f1alizar\u00e1 la Comisar\u00eda como ex Centro Clandestino de Detenci\u00f3n y Tortura"},"content":{"rendered":"<p><!-- VideographyWP Plugin Message: Automatic video embedding prevented by plugin options. --><br \/>\nEste viernes 26 de octubre a partir de las 18 hs tendr\u00e1 lugar la realizaci\u00f3n del acto por la Se\u00f1alizaci\u00f3n y Demarcaci\u00f3n de la Comisar\u00eda 1\u00b0 de Z\u00e1rate como ex Centro Clandestino de Detenci\u00f3n y Tortura durante la \u00faltima dictadura c\u00edvico-militar (1976-1983), en el frente de dicha instituci\u00f3n.<\/p>\n<p>  En el marco de las leyes N\u00ba 26.691 y N\u00ba 13.584, el Municipio de Z\u00e1rate junto con la Direcci\u00f3n de Nacional de Sitios de Memoria y la Secretar\u00eda de Derechos Humanos de la Provincia y organismos de Derechos Humanos de nuestra localidad, colocar\u00e1n una placa que har\u00e1 visible el impacto de la \u00faltima dictadura en nuestra ciudad.<br \/>\n  All\u00ed se expresar\u00e1 en el espacio p\u00fablico el compromiso del Estado democr\u00e1tico de construir la Memoria. Los Sitios de Memoria son lugares que funcionaron como centros clandestinos de detenci\u00f3n, tortura y exterminio o donde sucedieron hechos emblem\u00e1ticos del accionar de la represi\u00f3n ilegal desarrollada durante el terrorismo de Estado.<br \/>\n  Se hace una expresa y un\u00e1nime convocatoria a toda la comunidad para llevar a cabo este importante acto para la consolidaci\u00f3n de la consolidaci\u00f3n de Memoria, Verdad y Justicia en nuestro pa\u00eds y en nuestra ciudad.<\/p>\n","protected":false},"excerpt":{"rendered":"<p>Este viernes 26 de octubre a partir de las 18 hs tendr\u00e1 lugar la realizaci\u00f3n del acto por la Se\u00f1alizaci\u00f3n y Demarcaci\u00f3n de la Comisar\u00eda 1\u00b0 de Z\u00e1rate como ex Centro Clandestino de Detenci\u00f3n y Tortura durante la \u00faltima dictadura c\u00edvico-militar (1976-1983), en el frente de dicha instituci\u00f3n. En el marco de las leyes N\u00ba [&hellip;]<\/p>\n","protected":false},"author":4,"featured_media":42675,"comment_status":"open","ping_status":"closed","sticky":false,"template":"","format":"standard","meta":{"om_disable_all_campaigns":false,"_jetpack_memberships_contains_paid_content":false,"footnotes":""},"categories":[621],"tags":[],"class_list":["post-42673","post","type-post","status-publish","format-standard","has-post-thumbnail","hentry","category-regionales"],"aioseo_notices":[],"gutentor_comment":0,"jetpack_featured_media_url":"https:\/\/eldiariodesanpedro.com.ar\/sitio\/wp-content\/uploads\/2018\/10\/se\u00f1alalizaci\u00f3n-comisaria.jpg","jetpack_shortlink":"https:\/\/wp.me\/p6RhLt-b6h","jetpack_sharing_enabled":true,"_links":{"self":[{"href":"https:\/\/eldiariodesanpedro.com.ar\/sitio\/wp-json\/wp\/v2\/posts\/42673","targetHints":{"allow":["GET"]}}],"collection":[{"href":"https:\/\/eldiariodesanpedro.com.ar\/sitio\/wp-json\/wp\/v2\/posts"}],"about":[{"href":"https:\/\/eldiariodesanpedro.com.ar\/sitio\/wp-json\/wp\/v2\/types\/post"}],"author":[{"embeddable":true,"href":"https:\/\/eldiariodesanpedro.com.ar\/sitio\/wp-json\/wp\/v2\/users\/4"}],"replies":[{"embeddable":true,"href":"https:\/\/eldiariodesanpedro.com.ar\/sitio\/wp-json\/wp\/v2\/comments?post=42673"}],"version-history":[{"count":1,"href":"https:\/\/eldiariodesanpedro.com.ar\/sitio\/wp-json\/wp\/v2\/posts\/42673\/revisions"}],"predecessor-version":[{"id":42677,"href":"https:\/\/eldiariodesanpedro.com.ar\/sitio\/wp-json\/wp\/v2\/posts\/42673\/revisions\/42677"}],"wp:featuredmedia":[{"embeddable":true,"href":"https:\/\/eldiariodesanpedro.com.ar\/sitio\/wp-json\/wp\/v2\/media\/42675"}],"wp:attachment":[{"href":"https:\/\/eldiariodesanpedro.com.ar\/sitio\/wp-json\/wp\/v2\/media?parent=42673"}],"wp:term":[{"taxonomy":"category","embeddable":true,"href":"https:\/\/eldiariodesanpedro.com.ar\/sitio\/wp-json\/wp\/v2\/categories?post=42673"},{"taxonomy":"post_tag","embeddable":true,"href":"https:\/\/eldiariodesanpedro.com.ar\/sitio\/wp-json\/wp\/v2\/tags?post=42673"}],"curies":[{"name":"wp","href":"https:\/\/api.w.org\/{rel}","templated":true}]}}