{"id":42670,"date":"2018-10-29T20:33:00","date_gmt":"2018-10-29T23:33:00","guid":{"rendered":"https:\/\/eldiariodesanpedro.com.ar\/sitio\/?p=42670"},"modified":"2018-10-29T20:33:00","modified_gmt":"2018-10-29T23:33:00","slug":"baradero-rojas-pereyra-y-los-tekis-los-artistas-centrales-del-festival-2019-y-abel","status":"publish","type":"post","link":"https:\/\/eldiariodesanpedro.com.ar\/sitio\/baradero-rojas-pereyra-y-los-tekis-los-artistas-centrales-del-festival-2019-y-abel\/","title":{"rendered":"BARADERO: \u00bfRojas, Pereyra y Los Tekis los artistas centrales del Festival 2019? \u00bfY Abel?"},"content":{"rendered":"<p><!-- VideographyWP Plugin Message: Automatic video embedding prevented by plugin options. --><br \/>\n  Ya est\u00e1 confirmada la fecha de la realizaci\u00f3n del pr\u00f3ximo Festival de M\u00fasica Popular Baradero 2019 para el tercer fin de semana de octubre, desde el 14 y hasta el 17 de febrero.<br \/>\n  Y a esta altura, las principales inquietudes por parte del p\u00fablico se van aclarando desde la propia Secretar\u00eda de Cultura, Turismo, Educaci\u00f3n y Deportes, a cargo de Marcos Barlatay, debido a que se dejaron conocer los nombres m\u00e1s fuertes que est\u00e1n en carpeta y con los cuales ya vienen hablando hace varios meses y solamente restar\u00eda la confirmaci\u00f3n final para dar por cerrada de manera exitosa las negociaciones.<\/p>\n<p>La grilla quedar\u00eda de la siguiente manera:<br \/>\nJueves 14: Jorge Rojas<br \/>\nViernes 15: El \u201cIndio\u201d Lucio Rojas (Hermano de Jorge) y Los Palmeras (en conversaciones)<br \/>\nS\u00e1bado 16: Los Tekis<br \/>\nDomingo 17: Luciano Pereyra<\/p>\n<p>  De esa manera, se conformar\u00eda el listado de los artistas principales del Festival de Baradero 2019.<br \/>\n  \u00bfAbel Pintos? Por ahora sigue siendo una inc\u00f3gnita. Desde el municipio estar\u00edan trabajando para que la productora de Abel pueda hacerse cargo produciendo una de las noches, tal como lo hizo en el 2018.<br \/>\n  De a poco, se van conociendo detalles importantes del evento m\u00e1s importante de nuestra ciudad.<\/p>\n<p>Fuente: Baradero Hoy<\/p>\n","protected":false},"excerpt":{"rendered":"<p>Ya est\u00e1 confirmada la fecha de la realizaci\u00f3n del pr\u00f3ximo Festival de M\u00fasica Popular Baradero 2019 para el tercer fin de semana de octubre, desde el 14 y hasta el 17 de febrero. Y a esta altura, las principales inquietudes por parte del p\u00fablico se van aclarando desde la propia Secretar\u00eda de Cultura, Turismo, Educaci\u00f3n [&hellip;]<\/p>\n","protected":false},"author":4,"featured_media":42671,"comment_status":"open","ping_status":"closed","sticky":false,"template":"","format":"standard","meta":{"om_disable_all_campaigns":false,"_jetpack_memberships_contains_paid_content":false,"footnotes":""},"categories":[621],"tags":[],"class_list":["post-42670","post","type-post","status-publish","format-standard","has-post-thumbnail","hentry","category-regionales"],"aioseo_notices":[],"gutentor_comment":0,"jetpack_featured_media_url":"https:\/\/eldiariodesanpedro.com.ar\/sitio\/wp-content\/uploads\/2018\/10\/PAGINA-6-9.jpg","jetpack_shortlink":"https:\/\/wp.me\/p6RhLt-b6e","jetpack_sharing_enabled":true,"_links":{"self":[{"href":"https:\/\/eldiariodesanpedro.com.ar\/sitio\/wp-json\/wp\/v2\/posts\/42670","targetHints":{"allow":["GET"]}}],"collection":[{"href":"https:\/\/eldiariodesanpedro.com.ar\/sitio\/wp-json\/wp\/v2\/posts"}],"about":[{"href":"https:\/\/eldiariodesanpedro.com.ar\/sitio\/wp-json\/wp\/v2\/types\/post"}],"author":[{"embeddable":true,"href":"https:\/\/eldiariodesanpedro.com.ar\/sitio\/wp-json\/wp\/v2\/users\/4"}],"replies":[{"embeddable":true,"href":"https:\/\/eldiariodesanpedro.com.ar\/sitio\/wp-json\/wp\/v2\/comments?post=42670"}],"version-history":[{"count":1,"href":"https:\/\/eldiariodesanpedro.com.ar\/sitio\/wp-json\/wp\/v2\/posts\/42670\/revisions"}],"predecessor-version":[{"id":42674,"href":"https:\/\/eldiariodesanpedro.com.ar\/sitio\/wp-json\/wp\/v2\/posts\/42670\/revisions\/42674"}],"wp:featuredmedia":[{"embeddable":true,"href":"https:\/\/eldiariodesanpedro.com.ar\/sitio\/wp-json\/wp\/v2\/media\/42671"}],"wp:attachment":[{"href":"https:\/\/eldiariodesanpedro.com.ar\/sitio\/wp-json\/wp\/v2\/media?parent=42670"}],"wp:term":[{"taxonomy":"category","embeddable":true,"href":"https:\/\/eldiariodesanpedro.com.ar\/sitio\/wp-json\/wp\/v2\/categories?post=42670"},{"taxonomy":"post_tag","embeddable":true,"href":"https:\/\/eldiariodesanpedro.com.ar\/sitio\/wp-json\/wp\/v2\/tags?post=42670"}],"curies":[{"name":"wp","href":"https:\/\/api.w.org\/{rel}","templated":true}]}}