{"id":42667,"date":"2018-10-29T20:14:50","date_gmt":"2018-10-29T23:14:50","guid":{"rendered":"https:\/\/eldiariodesanpedro.com.ar\/sitio\/?p=42667"},"modified":"2018-10-29T20:14:50","modified_gmt":"2018-10-29T23:14:50","slug":"por-decreto-se-aumentara-a-mil-pesos-el-presentismo","status":"publish","type":"post","link":"https:\/\/eldiariodesanpedro.com.ar\/sitio\/por-decreto-se-aumentara-a-mil-pesos-el-presentismo\/","title":{"rendered":"Por decreto se aumentar\u00e1 a mil pesos el presentismo"},"content":{"rendered":"<p><!-- VideographyWP Plugin Message: Automatic video embedding prevented by plugin options. --><br \/>\nEl Secretario de Gobierno Silvio Corti confirm\u00f3 que en el pr\u00f3ximo cobro de haberes los empleados municipales percibir\u00e1n un aumento en el presentismo que pasar\u00e1 a ser de $1000, teniendo en cuenta que a pesar de que los sindicatos realizaron medidas de fuerza los empleados municipales no se apegaron a los paros.<\/p>\n<p>  El ejecutivo local impondr\u00e1 por decreto un aumento de la bonificaci\u00f3n de presentismo para los trabajadores municipales, ante las dificultades para alcanzar un acuerdo con los sindicatos;<br \/>\n  Como parte del conflicto, ambos sindicatos ATE y SUTM, quienes nuclean a los trabajadores municipales, anunciaron para este martes y mi\u00e9rcoles, un paro por 48 horas con una jornada de movilizaci\u00f3n hacia el palacio municipal el mi\u00e9rcoles.<\/p>\n","protected":false},"excerpt":{"rendered":"<p>El Secretario de Gobierno Silvio Corti confirm\u00f3 que en el pr\u00f3ximo cobro de haberes los empleados municipales percibir\u00e1n un aumento en el presentismo que pasar\u00e1 a ser de $1000, teniendo en cuenta que a pesar de que los sindicatos realizaron medidas de fuerza los empleados municipales no se apegaron a los paros. El ejecutivo local [&hellip;]<\/p>\n","protected":false},"author":4,"featured_media":20042,"comment_status":"open","ping_status":"closed","sticky":false,"template":"","format":"standard","meta":{"om_disable_all_campaigns":false,"_jetpack_memberships_contains_paid_content":false,"footnotes":""},"categories":[2,102],"tags":[],"class_list":["post-42667","post","type-post","status-publish","format-standard","has-post-thumbnail","hentry","category-locales","category-politica-locales"],"aioseo_notices":[],"gutentor_comment":0,"jetpack_featured_media_url":"https:\/\/eldiariodesanpedro.com.ar\/sitio\/wp-content\/uploads\/2017\/06\/silvio-corti-2.jpg","jetpack_shortlink":"https:\/\/wp.me\/p6RhLt-b6b","jetpack_sharing_enabled":true,"_links":{"self":[{"href":"https:\/\/eldiariodesanpedro.com.ar\/sitio\/wp-json\/wp\/v2\/posts\/42667","targetHints":{"allow":["GET"]}}],"collection":[{"href":"https:\/\/eldiariodesanpedro.com.ar\/sitio\/wp-json\/wp\/v2\/posts"}],"about":[{"href":"https:\/\/eldiariodesanpedro.com.ar\/sitio\/wp-json\/wp\/v2\/types\/post"}],"author":[{"embeddable":true,"href":"https:\/\/eldiariodesanpedro.com.ar\/sitio\/wp-json\/wp\/v2\/users\/4"}],"replies":[{"embeddable":true,"href":"https:\/\/eldiariodesanpedro.com.ar\/sitio\/wp-json\/wp\/v2\/comments?post=42667"}],"version-history":[{"count":1,"href":"https:\/\/eldiariodesanpedro.com.ar\/sitio\/wp-json\/wp\/v2\/posts\/42667\/revisions"}],"predecessor-version":[{"id":42669,"href":"https:\/\/eldiariodesanpedro.com.ar\/sitio\/wp-json\/wp\/v2\/posts\/42667\/revisions\/42669"}],"wp:featuredmedia":[{"embeddable":true,"href":"https:\/\/eldiariodesanpedro.com.ar\/sitio\/wp-json\/wp\/v2\/media\/20042"}],"wp:attachment":[{"href":"https:\/\/eldiariodesanpedro.com.ar\/sitio\/wp-json\/wp\/v2\/media?parent=42667"}],"wp:term":[{"taxonomy":"category","embeddable":true,"href":"https:\/\/eldiariodesanpedro.com.ar\/sitio\/wp-json\/wp\/v2\/categories?post=42667"},{"taxonomy":"post_tag","embeddable":true,"href":"https:\/\/eldiariodesanpedro.com.ar\/sitio\/wp-json\/wp\/v2\/tags?post=42667"}],"curies":[{"name":"wp","href":"https:\/\/api.w.org\/{rel}","templated":true}]}}