{"id":42655,"date":"2018-10-29T18:32:09","date_gmt":"2018-10-29T21:32:09","guid":{"rendered":"https:\/\/eldiariodesanpedro.com.ar\/sitio\/?p=42655"},"modified":"2018-10-29T18:32:09","modified_gmt":"2018-10-29T21:32:09","slug":"entrega-de-kit-de-robotica-e-impresora-3d-para-el-cic","status":"publish","type":"post","link":"https:\/\/eldiariodesanpedro.com.ar\/sitio\/entrega-de-kit-de-robotica-e-impresora-3d-para-el-cic\/","title":{"rendered":"Entrega de kit de rob\u00f3tica e impresora 3D para el CIC"},"content":{"rendered":"<p><!-- VideographyWP Plugin Message: Automatic video embedding prevented by plugin options. --><br \/>\nTras el anuncio oportunamente efectuado, se concret\u00f3 esta ma\u00f1ana la entrega de un kit de rob\u00f3tica y una impresora 3D, para actividades educativas que se utilizar\u00e1 en talleres a dictarse dentro del Programa \u201cAulas de Rob\u00f3tica y Fabricaci\u00f3n Digital\u201d en el CIC.<\/p>\n<p>El presidente del Partido FE Jorge Pirotta y el Ingeniero Fernando Lapolla Subsecretario de Tecnolog\u00eda e Innovaci\u00f3n del Ministerio de Ciencia, Tecnolog\u00eda e Innovaci\u00f3n de la Provincia de Buenos Aires, hicieron entrega al Intendente Cecilio Salazar, el Director de Modernizaci\u00f3n Hern\u00e1n Contreras y miembros del equipo de gobierno, un kit de rob\u00f3tica y una impresora 3D.<\/p>\n<p>La conformaci\u00f3n de los talleres dedicados a estas tem\u00e1ticas en el Punto Digital ubicado en el CIC de nuestra ciudad buscar\u00e1 acercar tem\u00e1ticas innovadoras y fomentar el pensamiento algor\u00edtmico como herramienta clave en la resoluci\u00f3n de problem\u00e1ticas actuales y futuras.<\/p>\n<p>En los talleres se buscar\u00e1 generar un espacio que promueva la cultura del hacer en ni\u00f1os y adolescentes como herramienta para el aprendizaje, la exploraci\u00f3n y el desarrollo, colaborando as\u00ed en la formaci\u00f3n de una nueva generaci\u00f3n capaz de emplear tecnolog\u00eda en la b\u00fasqueda de soluciones, a trav\u00e9s de los conocimientos y destrezas b\u00e1sicas en rob\u00f3tica basada en Arduino y fabricaci\u00f3n digital centrada en impresi\u00f3n 3D.<\/p>\n<p>Pr\u00f3ximamente se abrir\u00e1n las inscripciones a los talleres para ni\u00f1os y adolescentes.<\/p>\n<p><img decoding=\"async\" data-attachment-id=\"42657\" data-permalink=\"https:\/\/eldiariodesanpedro.com.ar\/sitio\/entrega-de-kit-de-robotica-e-impresora-3d-para-el-cic\/bi4a9554\/\" data-orig-file=\"https:\/\/eldiariodesanpedro.com.ar\/sitio\/wp-content\/uploads\/2018\/10\/BI4A9554.jpg\" data-orig-size=\"2204,2134\" data-comments-opened=\"1\" data-image-meta=\"{&quot;aperture&quot;:&quot;4.5&quot;,&quot;credit&quot;:&quot;&quot;,&quot;camera&quot;:&quot;Canon EOS 5D Mark III&quot;,&quot;caption&quot;:&quot;&quot;,&quot;created_timestamp&quot;:&quot;1548500310&quot;,&quot;copyright&quot;:&quot;&quot;,&quot;focal_length&quot;:&quot;35&quot;,&quot;iso&quot;:&quot;2000&quot;,&quot;shutter_speed&quot;:&quot;0.00625&quot;,&quot;title&quot;:&quot;&quot;,&quot;orientation&quot;:&quot;0&quot;}\" data-image-title=\"BI4A9554\" data-image-description=\"\" data-image-caption=\"\" data-large-file=\"https:\/\/eldiariodesanpedro.com.ar\/sitio\/wp-content\/uploads\/2018\/10\/BI4A9554-1024x991.jpg\" data-src=\"https:\/\/eldiariodesanpedro.com.ar\/sitio\/wp-content\/uploads\/2018\/10\/BI4A9554-1024x991.jpg\" alt=\"\" width=\"660\" height=\"639\" class=\"alignnone size-large wp-image-42657 lazyload\" data-srcset=\"https:\/\/eldiariodesanpedro.com.ar\/sitio\/wp-content\/uploads\/2018\/10\/BI4A9554-1024x991.jpg 1024w, https:\/\/eldiariodesanpedro.com.ar\/sitio\/wp-content\/uploads\/2018\/10\/BI4A9554-300x290.jpg 300w, https:\/\/eldiariodesanpedro.com.ar\/sitio\/wp-content\/uploads\/2018\/10\/BI4A9554-768x744.jpg 768w\" data-sizes=\"(max-width: 660px) 100vw, 660px\" src=\"data:image\/svg+xml;base64,PHN2ZyB3aWR0aD0iMSIgaGVpZ2h0PSIxIiB4bWxucz0iaHR0cDovL3d3dy53My5vcmcvMjAwMC9zdmciPjwvc3ZnPg==\" style=\"--smush-placeholder-width: 660px; --smush-placeholder-aspect-ratio: 660\/639;\" \/><\/p>\n<p><img decoding=\"async\" data-attachment-id=\"42658\" data-permalink=\"https:\/\/eldiariodesanpedro.com.ar\/sitio\/entrega-de-kit-de-robotica-e-impresora-3d-para-el-cic\/bi4a9564\/\" data-orig-file=\"https:\/\/eldiariodesanpedro.com.ar\/sitio\/wp-content\/uploads\/2018\/10\/BI4A9564.jpg\" data-orig-size=\"3352,1755\" data-comments-opened=\"1\" data-image-meta=\"{&quot;aperture&quot;:&quot;4&quot;,&quot;credit&quot;:&quot;&quot;,&quot;camera&quot;:&quot;Canon EOS 5D Mark III&quot;,&quot;caption&quot;:&quot;&quot;,&quot;created_timestamp&quot;:&quot;1548500660&quot;,&quot;copyright&quot;:&quot;&quot;,&quot;focal_length&quot;:&quot;24&quot;,&quot;iso&quot;:&quot;2000&quot;,&quot;shutter_speed&quot;:&quot;0.025&quot;,&quot;title&quot;:&quot;&quot;,&quot;orientation&quot;:&quot;0&quot;}\" data-image-title=\"BI4A9564\" data-image-description=\"\" data-image-caption=\"\" data-large-file=\"https:\/\/eldiariodesanpedro.com.ar\/sitio\/wp-content\/uploads\/2018\/10\/BI4A9564-1024x536.jpg\" data-src=\"https:\/\/eldiariodesanpedro.com.ar\/sitio\/wp-content\/uploads\/2018\/10\/BI4A9564-1024x536.jpg\" alt=\"\" width=\"660\" height=\"345\" class=\"alignnone size-large wp-image-42658 lazyload\" data-srcset=\"https:\/\/eldiariodesanpedro.com.ar\/sitio\/wp-content\/uploads\/2018\/10\/BI4A9564-1024x536.jpg 1024w, https:\/\/eldiariodesanpedro.com.ar\/sitio\/wp-content\/uploads\/2018\/10\/BI4A9564-300x157.jpg 300w, https:\/\/eldiariodesanpedro.com.ar\/sitio\/wp-content\/uploads\/2018\/10\/BI4A9564-768x402.jpg 768w, https:\/\/eldiariodesanpedro.com.ar\/sitio\/wp-content\/uploads\/2018\/10\/BI4A9564-390x205.jpg 390w\" data-sizes=\"(max-width: 660px) 100vw, 660px\" src=\"data:image\/svg+xml;base64,PHN2ZyB3aWR0aD0iMSIgaGVpZ2h0PSIxIiB4bWxucz0iaHR0cDovL3d3dy53My5vcmcvMjAwMC9zdmciPjwvc3ZnPg==\" style=\"--smush-placeholder-width: 660px; --smush-placeholder-aspect-ratio: 660\/345;\" \/><\/p>\n","protected":false},"excerpt":{"rendered":"<p>Tras el anuncio oportunamente efectuado, se concret\u00f3 esta ma\u00f1ana la entrega de un kit de rob\u00f3tica y una impresora 3D, para actividades educativas que se utilizar\u00e1 en talleres a dictarse dentro del Programa \u201cAulas de Rob\u00f3tica y Fabricaci\u00f3n Digital\u201d en el CIC. El presidente del Partido FE Jorge Pirotta y el Ingeniero Fernando Lapolla Subsecretario [&hellip;]<\/p>\n","protected":false},"author":4,"featured_media":42656,"comment_status":"open","ping_status":"closed","sticky":false,"template":"","format":"standard","meta":{"om_disable_all_campaigns":false,"_jetpack_memberships_contains_paid_content":false,"footnotes":""},"categories":[101,2],"tags":[],"class_list":["post-42655","post","type-post","status-publish","format-standard","has-post-thumbnail","hentry","category-interes-general-locales","category-locales"],"aioseo_notices":[],"gutentor_comment":0,"jetpack_featured_media_url":"https:\/\/eldiariodesanpedro.com.ar\/sitio\/wp-content\/uploads\/2018\/10\/BI4A9555.jpg","jetpack_shortlink":"https:\/\/wp.me\/p6RhLt-b5Z","jetpack_sharing_enabled":true,"_links":{"self":[{"href":"https:\/\/eldiariodesanpedro.com.ar\/sitio\/wp-json\/wp\/v2\/posts\/42655","targetHints":{"allow":["GET"]}}],"collection":[{"href":"https:\/\/eldiariodesanpedro.com.ar\/sitio\/wp-json\/wp\/v2\/posts"}],"about":[{"href":"https:\/\/eldiariodesanpedro.com.ar\/sitio\/wp-json\/wp\/v2\/types\/post"}],"author":[{"embeddable":true,"href":"https:\/\/eldiariodesanpedro.com.ar\/sitio\/wp-json\/wp\/v2\/users\/4"}],"replies":[{"embeddable":true,"href":"https:\/\/eldiariodesanpedro.com.ar\/sitio\/wp-json\/wp\/v2\/comments?post=42655"}],"version-history":[{"count":1,"href":"https:\/\/eldiariodesanpedro.com.ar\/sitio\/wp-json\/wp\/v2\/posts\/42655\/revisions"}],"predecessor-version":[{"id":42659,"href":"https:\/\/eldiariodesanpedro.com.ar\/sitio\/wp-json\/wp\/v2\/posts\/42655\/revisions\/42659"}],"wp:featuredmedia":[{"embeddable":true,"href":"https:\/\/eldiariodesanpedro.com.ar\/sitio\/wp-json\/wp\/v2\/media\/42656"}],"wp:attachment":[{"href":"https:\/\/eldiariodesanpedro.com.ar\/sitio\/wp-json\/wp\/v2\/media?parent=42655"}],"wp:term":[{"taxonomy":"category","embeddable":true,"href":"https:\/\/eldiariodesanpedro.com.ar\/sitio\/wp-json\/wp\/v2\/categories?post=42655"},{"taxonomy":"post_tag","embeddable":true,"href":"https:\/\/eldiariodesanpedro.com.ar\/sitio\/wp-json\/wp\/v2\/tags?post=42655"}],"curies":[{"name":"wp","href":"https:\/\/api.w.org\/{rel}","templated":true}]}}