{"id":42652,"date":"2018-10-29T18:16:34","date_gmt":"2018-10-29T21:16:34","guid":{"rendered":"https:\/\/eldiariodesanpedro.com.ar\/sitio\/?p=42652"},"modified":"2018-10-29T18:16:34","modified_gmt":"2018-10-29T21:16:34","slug":"se-firmo-convenio-para-el-inicio-de-la-pavimentacion-de-135-cuadras-mas","status":"publish","type":"post","link":"https:\/\/eldiariodesanpedro.com.ar\/sitio\/se-firmo-convenio-para-el-inicio-de-la-pavimentacion-de-135-cuadras-mas\/","title":{"rendered":"Se firm\u00f3 convenio para el inicio de la pavimentaci\u00f3n de 135 cuadras m\u00e1s"},"content":{"rendered":"<p><!-- VideographyWP Plugin Message: Automatic video embedding prevented by plugin options. --><br \/>\nEste lunes por la ma\u00f1ana en el despacho del Intendente Cecilio Salazar, el Secretario de Gobierno Silvio Corti, Secretario de Obras P\u00fablicas Ariel \u00c1lvarez, Director de Obras Agustina Vaca y el titular de la empresa IARSA, Alberto Reano, firmaron el convenio para dar comienzo a la obra de pavimentaci\u00f3n 135 cuadras.<\/p>\n<p>La primer etapa comenzar\u00e1 ma\u00f1ana en Gobernador Castro, donde ya se encuentran instaladas las m\u00e1quinas para dar comienzo a la obra. Luego se continuar\u00e1 en la localidad de R\u00edo Tala, seguido por los barrios Villa Igoillo, Aromitos, La Esperanza y Paran\u00e1 de la ciudad de San Pedro. Se estima que el tiempo que demanda la obra son de 3 a 4 meses.<\/p>\n","protected":false},"excerpt":{"rendered":"<p>Este lunes por la ma\u00f1ana en el despacho del Intendente Cecilio Salazar, el Secretario de Gobierno Silvio Corti, Secretario de Obras P\u00fablicas Ariel \u00c1lvarez, Director de Obras Agustina Vaca y el titular de la empresa IARSA, Alberto Reano, firmaron el convenio para dar comienzo a la obra de pavimentaci\u00f3n 135 cuadras. La primer etapa comenzar\u00e1 [&hellip;]<\/p>\n","protected":false},"author":4,"featured_media":42653,"comment_status":"open","ping_status":"closed","sticky":false,"template":"","format":"standard","meta":{"om_disable_all_campaigns":false,"_jetpack_memberships_contains_paid_content":false,"footnotes":""},"categories":[50,101,2],"tags":[],"class_list":["post-42652","post","type-post","status-publish","format-standard","has-post-thumbnail","hentry","category-destacadas","category-interes-general-locales","category-locales"],"aioseo_notices":[],"gutentor_comment":0,"jetpack_featured_media_url":"https:\/\/eldiariodesanpedro.com.ar\/sitio\/wp-content\/uploads\/2018\/10\/BI4A9593.jpg","jetpack_shortlink":"https:\/\/wp.me\/p6RhLt-b5W","jetpack_sharing_enabled":true,"_links":{"self":[{"href":"https:\/\/eldiariodesanpedro.com.ar\/sitio\/wp-json\/wp\/v2\/posts\/42652","targetHints":{"allow":["GET"]}}],"collection":[{"href":"https:\/\/eldiariodesanpedro.com.ar\/sitio\/wp-json\/wp\/v2\/posts"}],"about":[{"href":"https:\/\/eldiariodesanpedro.com.ar\/sitio\/wp-json\/wp\/v2\/types\/post"}],"author":[{"embeddable":true,"href":"https:\/\/eldiariodesanpedro.com.ar\/sitio\/wp-json\/wp\/v2\/users\/4"}],"replies":[{"embeddable":true,"href":"https:\/\/eldiariodesanpedro.com.ar\/sitio\/wp-json\/wp\/v2\/comments?post=42652"}],"version-history":[{"count":1,"href":"https:\/\/eldiariodesanpedro.com.ar\/sitio\/wp-json\/wp\/v2\/posts\/42652\/revisions"}],"predecessor-version":[{"id":42654,"href":"https:\/\/eldiariodesanpedro.com.ar\/sitio\/wp-json\/wp\/v2\/posts\/42652\/revisions\/42654"}],"wp:featuredmedia":[{"embeddable":true,"href":"https:\/\/eldiariodesanpedro.com.ar\/sitio\/wp-json\/wp\/v2\/media\/42653"}],"wp:attachment":[{"href":"https:\/\/eldiariodesanpedro.com.ar\/sitio\/wp-json\/wp\/v2\/media?parent=42652"}],"wp:term":[{"taxonomy":"category","embeddable":true,"href":"https:\/\/eldiariodesanpedro.com.ar\/sitio\/wp-json\/wp\/v2\/categories?post=42652"},{"taxonomy":"post_tag","embeddable":true,"href":"https:\/\/eldiariodesanpedro.com.ar\/sitio\/wp-json\/wp\/v2\/tags?post=42652"}],"curies":[{"name":"wp","href":"https:\/\/api.w.org\/{rel}","templated":true}]}}