{"id":42648,"date":"2018-10-29T11:42:39","date_gmt":"2018-10-29T14:42:39","guid":{"rendered":"https:\/\/eldiariodesanpedro.com.ar\/sitio\/?p=42648"},"modified":"2018-10-29T11:42:39","modified_gmt":"2018-10-29T14:42:39","slug":"roban-herramientas-en-un-galpon-en-zona-rural","status":"publish","type":"post","link":"https:\/\/eldiariodesanpedro.com.ar\/sitio\/roban-herramientas-en-un-galpon-en-zona-rural\/","title":{"rendered":"Roban herramientas en un galp\u00f3n en zona rural"},"content":{"rendered":"<p><!-- VideographyWP Plugin Message: Automatic video embedding prevented by plugin options. --><br \/>\nEl pasado domingo en La Tosquera alrededor de las hora 03:30 horas, se recibi\u00f3 la denuncia de un masculino mayor, quien declar\u00f3 que constat\u00f3 que autores ignorados, ingresan a galp\u00f3n ubicado en zona rural callej\u00f3n La Pomona s\/n de cuartel quinto, previo violentar una puerta de ingreso y sustraen herramientas varias de mano.<\/p>\n","protected":false},"excerpt":{"rendered":"<p>El pasado domingo en La Tosquera alrededor de las hora 03:30 horas, se recibi\u00f3 la denuncia de un masculino mayor, quien declar\u00f3 que constat\u00f3 que autores ignorados, ingresan a galp\u00f3n ubicado en zona rural callej\u00f3n La Pomona s\/n de cuartel quinto, previo violentar una puerta de ingreso y sustraen herramientas varias de mano.<\/p>\n","protected":false},"author":4,"featured_media":20938,"comment_status":"open","ping_status":"closed","sticky":false,"template":"","format":"standard","meta":{"om_disable_all_campaigns":false,"_jetpack_memberships_contains_paid_content":false,"footnotes":""},"categories":[2,103],"tags":[],"class_list":["post-42648","post","type-post","status-publish","format-standard","has-post-thumbnail","hentry","category-locales","category-policiales-locales"],"aioseo_notices":[],"gutentor_comment":0,"jetpack_featured_media_url":"https:\/\/eldiariodesanpedro.com.ar\/sitio\/wp-content\/uploads\/2017\/07\/patrullero-rural.jpg","jetpack_shortlink":"https:\/\/wp.me\/p6RhLt-b5S","jetpack_sharing_enabled":true,"_links":{"self":[{"href":"https:\/\/eldiariodesanpedro.com.ar\/sitio\/wp-json\/wp\/v2\/posts\/42648","targetHints":{"allow":["GET"]}}],"collection":[{"href":"https:\/\/eldiariodesanpedro.com.ar\/sitio\/wp-json\/wp\/v2\/posts"}],"about":[{"href":"https:\/\/eldiariodesanpedro.com.ar\/sitio\/wp-json\/wp\/v2\/types\/post"}],"author":[{"embeddable":true,"href":"https:\/\/eldiariodesanpedro.com.ar\/sitio\/wp-json\/wp\/v2\/users\/4"}],"replies":[{"embeddable":true,"href":"https:\/\/eldiariodesanpedro.com.ar\/sitio\/wp-json\/wp\/v2\/comments?post=42648"}],"version-history":[{"count":1,"href":"https:\/\/eldiariodesanpedro.com.ar\/sitio\/wp-json\/wp\/v2\/posts\/42648\/revisions"}],"predecessor-version":[{"id":42649,"href":"https:\/\/eldiariodesanpedro.com.ar\/sitio\/wp-json\/wp\/v2\/posts\/42648\/revisions\/42649"}],"wp:featuredmedia":[{"embeddable":true,"href":"https:\/\/eldiariodesanpedro.com.ar\/sitio\/wp-json\/wp\/v2\/media\/20938"}],"wp:attachment":[{"href":"https:\/\/eldiariodesanpedro.com.ar\/sitio\/wp-json\/wp\/v2\/media?parent=42648"}],"wp:term":[{"taxonomy":"category","embeddable":true,"href":"https:\/\/eldiariodesanpedro.com.ar\/sitio\/wp-json\/wp\/v2\/categories?post=42648"},{"taxonomy":"post_tag","embeddable":true,"href":"https:\/\/eldiariodesanpedro.com.ar\/sitio\/wp-json\/wp\/v2\/tags?post=42648"}],"curies":[{"name":"wp","href":"https:\/\/api.w.org\/{rel}","templated":true}]}}