{"id":42643,"date":"2018-10-29T11:30:45","date_gmt":"2018-10-29T14:30:45","guid":{"rendered":"https:\/\/eldiariodesanpedro.com.ar\/sitio\/?p=42643"},"modified":"2018-10-29T11:30:45","modified_gmt":"2018-10-29T14:30:45","slug":"un-motociclista-fallecio-en-accidente-de-transito","status":"publish","type":"post","link":"https:\/\/eldiariodesanpedro.com.ar\/sitio\/un-motociclista-fallecio-en-accidente-de-transito\/","title":{"rendered":"Un motociclista falleci\u00f3 en accidente de tr\u00e1nsito"},"content":{"rendered":"<p><!-- VideographyWP Plugin Message: Automatic video embedding prevented by plugin options. --><br \/>\nEn la madrugada de este lunes se produjo un grave accidente de tr\u00e1nsito donde perdi\u00f3 la vida un ciudadanos de nuestra ciudad.<\/p>\n<p>El hecho ocurri\u00f3 pasadas las 04:00 hs de este lunes en calle Pellegrini entre Novillo y Caron\u00ed donde por motivos que se tratan de establecer un joven impact\u00f3 en su motocicleta Honda Wave 110 cc color negra contra un \u00e1rbol perdiendo la vida instant\u00e1neamente.<\/p>\n<p>El conductor de la motocicleta ser\u00eda Mariano Padilla de 34 a\u00f1os de edad, quien habr\u00eda perdido el control de la motocicleta impactando a alta velocidad con su frente directamente contra la vereda por lo que perdi\u00f3 la vida instant\u00e1neamente.<\/p>\n<p><img decoding=\"async\" data-attachment-id=\"42646\" data-permalink=\"https:\/\/eldiariodesanpedro.com.ar\/sitio\/un-motociclista-fallecio-en-accidente-de-transito\/img-20181029-wa0006\/\" data-orig-file=\"https:\/\/eldiariodesanpedro.com.ar\/sitio\/wp-content\/uploads\/2018\/10\/IMG-20181029-WA0006.jpg\" data-orig-size=\"780,1040\" data-comments-opened=\"1\" data-image-meta=\"{&quot;aperture&quot;:&quot;0&quot;,&quot;credit&quot;:&quot;&quot;,&quot;camera&quot;:&quot;&quot;,&quot;caption&quot;:&quot;&quot;,&quot;created_timestamp&quot;:&quot;0&quot;,&quot;copyright&quot;:&quot;&quot;,&quot;focal_length&quot;:&quot;0&quot;,&quot;iso&quot;:&quot;0&quot;,&quot;shutter_speed&quot;:&quot;0&quot;,&quot;title&quot;:&quot;&quot;,&quot;orientation&quot;:&quot;0&quot;}\" data-image-title=\"IMG-20181029-WA0006\" data-image-description=\"\" data-image-caption=\"\" data-large-file=\"https:\/\/eldiariodesanpedro.com.ar\/sitio\/wp-content\/uploads\/2018\/10\/IMG-20181029-WA0006-768x1024.jpg\" class=\"alignnone size-large wp-image-42646 lazyload\" data-src=\"https:\/\/eldiariodesanpedro.com.ar\/sitio\/wp-content\/uploads\/2018\/10\/IMG-20181029-WA0006-768x1024.jpg\" alt=\"\" width=\"660\" height=\"880\" data-srcset=\"https:\/\/eldiariodesanpedro.com.ar\/sitio\/wp-content\/uploads\/2018\/10\/IMG-20181029-WA0006-768x1024.jpg 768w, https:\/\/eldiariodesanpedro.com.ar\/sitio\/wp-content\/uploads\/2018\/10\/IMG-20181029-WA0006-225x300.jpg 225w, https:\/\/eldiariodesanpedro.com.ar\/sitio\/wp-content\/uploads\/2018\/10\/IMG-20181029-WA0006.jpg 780w\" data-sizes=\"(max-width: 660px) 100vw, 660px\" src=\"data:image\/svg+xml;base64,PHN2ZyB3aWR0aD0iMSIgaGVpZ2h0PSIxIiB4bWxucz0iaHR0cDovL3d3dy53My5vcmcvMjAwMC9zdmciPjwvc3ZnPg==\" style=\"--smush-placeholder-width: 660px; --smush-placeholder-aspect-ratio: 660\/880;\" \/><\/p>\n<p><img decoding=\"async\" data-attachment-id=\"42645\" data-permalink=\"https:\/\/eldiariodesanpedro.com.ar\/sitio\/un-motociclista-fallecio-en-accidente-de-transito\/img-20181029-wa0007\/\" data-orig-file=\"https:\/\/eldiariodesanpedro.com.ar\/sitio\/wp-content\/uploads\/2018\/10\/IMG-20181029-WA0007.jpg\" data-orig-size=\"1280,768\" data-comments-opened=\"1\" data-image-meta=\"{&quot;aperture&quot;:&quot;0&quot;,&quot;credit&quot;:&quot;&quot;,&quot;camera&quot;:&quot;&quot;,&quot;caption&quot;:&quot;&quot;,&quot;created_timestamp&quot;:&quot;0&quot;,&quot;copyright&quot;:&quot;&quot;,&quot;focal_length&quot;:&quot;0&quot;,&quot;iso&quot;:&quot;0&quot;,&quot;shutter_speed&quot;:&quot;0&quot;,&quot;title&quot;:&quot;&quot;,&quot;orientation&quot;:&quot;0&quot;}\" data-image-title=\"IMG-20181029-WA0007\" data-image-description=\"\" data-image-caption=\"\" data-large-file=\"https:\/\/eldiariodesanpedro.com.ar\/sitio\/wp-content\/uploads\/2018\/10\/IMG-20181029-WA0007-1024x614.jpg\" class=\"alignnone size-large wp-image-42645 lazyload\" data-src=\"https:\/\/eldiariodesanpedro.com.ar\/sitio\/wp-content\/uploads\/2018\/10\/IMG-20181029-WA0007-1024x614.jpg\" alt=\"\" width=\"660\" height=\"396\" data-srcset=\"https:\/\/eldiariodesanpedro.com.ar\/sitio\/wp-content\/uploads\/2018\/10\/IMG-20181029-WA0007-1024x614.jpg 1024w, https:\/\/eldiariodesanpedro.com.ar\/sitio\/wp-content\/uploads\/2018\/10\/IMG-20181029-WA0007-300x180.jpg 300w, https:\/\/eldiariodesanpedro.com.ar\/sitio\/wp-content\/uploads\/2018\/10\/IMG-20181029-WA0007-768x461.jpg 768w, https:\/\/eldiariodesanpedro.com.ar\/sitio\/wp-content\/uploads\/2018\/10\/IMG-20181029-WA0007.jpg 1280w\" data-sizes=\"(max-width: 660px) 100vw, 660px\" src=\"data:image\/svg+xml;base64,PHN2ZyB3aWR0aD0iMSIgaGVpZ2h0PSIxIiB4bWxucz0iaHR0cDovL3d3dy53My5vcmcvMjAwMC9zdmciPjwvc3ZnPg==\" style=\"--smush-placeholder-width: 660px; --smush-placeholder-aspect-ratio: 660\/396;\" \/><\/p>\n<p><img decoding=\"async\" data-attachment-id=\"42644\" data-permalink=\"https:\/\/eldiariodesanpedro.com.ar\/sitio\/un-motociclista-fallecio-en-accidente-de-transito\/img-20181029-wa0008\/\" data-orig-file=\"https:\/\/eldiariodesanpedro.com.ar\/sitio\/wp-content\/uploads\/2018\/10\/IMG-20181029-WA0008.jpg\" data-orig-size=\"768,1280\" data-comments-opened=\"1\" data-image-meta=\"{&quot;aperture&quot;:&quot;0&quot;,&quot;credit&quot;:&quot;&quot;,&quot;camera&quot;:&quot;&quot;,&quot;caption&quot;:&quot;&quot;,&quot;created_timestamp&quot;:&quot;0&quot;,&quot;copyright&quot;:&quot;&quot;,&quot;focal_length&quot;:&quot;0&quot;,&quot;iso&quot;:&quot;0&quot;,&quot;shutter_speed&quot;:&quot;0&quot;,&quot;title&quot;:&quot;&quot;,&quot;orientation&quot;:&quot;0&quot;}\" data-image-title=\"IMG-20181029-WA0008\" data-image-description=\"\" data-image-caption=\"\" data-large-file=\"https:\/\/eldiariodesanpedro.com.ar\/sitio\/wp-content\/uploads\/2018\/10\/IMG-20181029-WA0008-614x1024.jpg\" class=\"alignnone size-large wp-image-42644 lazyload\" data-src=\"https:\/\/eldiariodesanpedro.com.ar\/sitio\/wp-content\/uploads\/2018\/10\/IMG-20181029-WA0008-614x1024.jpg\" alt=\"\" width=\"614\" height=\"1024\" data-srcset=\"https:\/\/eldiariodesanpedro.com.ar\/sitio\/wp-content\/uploads\/2018\/10\/IMG-20181029-WA0008-614x1024.jpg 614w, https:\/\/eldiariodesanpedro.com.ar\/sitio\/wp-content\/uploads\/2018\/10\/IMG-20181029-WA0008-180x300.jpg 180w, https:\/\/eldiariodesanpedro.com.ar\/sitio\/wp-content\/uploads\/2018\/10\/IMG-20181029-WA0008.jpg 768w\" data-sizes=\"(max-width: 614px) 100vw, 614px\" src=\"data:image\/svg+xml;base64,PHN2ZyB3aWR0aD0iMSIgaGVpZ2h0PSIxIiB4bWxucz0iaHR0cDovL3d3dy53My5vcmcvMjAwMC9zdmciPjwvc3ZnPg==\" style=\"--smush-placeholder-width: 614px; --smush-placeholder-aspect-ratio: 614\/1024;\" \/><\/p>\n","protected":false},"excerpt":{"rendered":"<p>En la madrugada de este lunes se produjo un grave accidente de tr\u00e1nsito donde perdi\u00f3 la vida un ciudadanos de nuestra ciudad. El hecho ocurri\u00f3 pasadas las 04:00 hs de este lunes en calle Pellegrini entre Novillo y Caron\u00ed donde por motivos que se tratan de establecer un joven impact\u00f3 en su motocicleta Honda Wave [&hellip;]<\/p>\n","protected":false},"author":4,"featured_media":42645,"comment_status":"open","ping_status":"closed","sticky":false,"template":"","format":"standard","meta":{"om_disable_all_campaigns":false,"_jetpack_memberships_contains_paid_content":false,"footnotes":""},"categories":[50,2,103],"tags":[],"class_list":["post-42643","post","type-post","status-publish","format-standard","has-post-thumbnail","hentry","category-destacadas","category-locales","category-policiales-locales"],"aioseo_notices":[],"gutentor_comment":0,"jetpack_featured_media_url":"https:\/\/eldiariodesanpedro.com.ar\/sitio\/wp-content\/uploads\/2018\/10\/IMG-20181029-WA0007.jpg","jetpack_shortlink":"https:\/\/wp.me\/p6RhLt-b5N","jetpack_sharing_enabled":true,"_links":{"self":[{"href":"https:\/\/eldiariodesanpedro.com.ar\/sitio\/wp-json\/wp\/v2\/posts\/42643","targetHints":{"allow":["GET"]}}],"collection":[{"href":"https:\/\/eldiariodesanpedro.com.ar\/sitio\/wp-json\/wp\/v2\/posts"}],"about":[{"href":"https:\/\/eldiariodesanpedro.com.ar\/sitio\/wp-json\/wp\/v2\/types\/post"}],"author":[{"embeddable":true,"href":"https:\/\/eldiariodesanpedro.com.ar\/sitio\/wp-json\/wp\/v2\/users\/4"}],"replies":[{"embeddable":true,"href":"https:\/\/eldiariodesanpedro.com.ar\/sitio\/wp-json\/wp\/v2\/comments?post=42643"}],"version-history":[{"count":1,"href":"https:\/\/eldiariodesanpedro.com.ar\/sitio\/wp-json\/wp\/v2\/posts\/42643\/revisions"}],"predecessor-version":[{"id":42647,"href":"https:\/\/eldiariodesanpedro.com.ar\/sitio\/wp-json\/wp\/v2\/posts\/42643\/revisions\/42647"}],"wp:featuredmedia":[{"embeddable":true,"href":"https:\/\/eldiariodesanpedro.com.ar\/sitio\/wp-json\/wp\/v2\/media\/42645"}],"wp:attachment":[{"href":"https:\/\/eldiariodesanpedro.com.ar\/sitio\/wp-json\/wp\/v2\/media?parent=42643"}],"wp:term":[{"taxonomy":"category","embeddable":true,"href":"https:\/\/eldiariodesanpedro.com.ar\/sitio\/wp-json\/wp\/v2\/categories?post=42643"},{"taxonomy":"post_tag","embeddable":true,"href":"https:\/\/eldiariodesanpedro.com.ar\/sitio\/wp-json\/wp\/v2\/tags?post=42643"}],"curies":[{"name":"wp","href":"https:\/\/api.w.org\/{rel}","templated":true}]}}