{"id":42630,"date":"2018-10-29T08:50:28","date_gmt":"2018-10-29T11:50:28","guid":{"rendered":"https:\/\/eldiariodesanpedro.com.ar\/sitio\/?p=42630"},"modified":"2018-10-29T09:04:21","modified_gmt":"2018-10-29T12:04:21","slug":"elecciones-ucr-maria-jose-mora-es-la-presidente-del-partido","status":"publish","type":"post","link":"https:\/\/eldiariodesanpedro.com.ar\/sitio\/elecciones-ucr-maria-jose-mora-es-la-presidente-del-partido\/","title":{"rendered":"Elecciones UCR: Maria Jose Mora es la Presidente del partido"},"content":{"rendered":"<p><!-- VideographyWP Plugin Message: Automatic video embedding prevented by plugin options. --><br \/>\nEste domingo se realizaron las elecciones internas del Partido centenario. M\u00e1s de 2000 afiliados est\u00e1ban habilitados para votar. Se enfrentaron dos sectores: el espacio que lidera el exintendente Mario Barbieri, representado por la actual Directora de Cultura Mar\u00eda Jos\u00e9 Mora; y el espacio de Germ\u00e1n L\u00f3pez, con Enzo Gravino a la cabeza.<\/p>\n<p>Los resultados de las elecciones obtuvo como ganador al barbierismo y Mart\u00edn Pando dejar\u00e1 la presidencia en manos de la actual directora de cultura.<\/p>\n<p>Los resultados de las localidades fueron: Gobernador Castro, donde la lista ganadora se impuso por 80 votos a 3, Santa Luc\u00eda el resultado fue 27 a 2 y en R\u00edo Tala, 15 a 0. La lista opositora logr\u00f3 en las dos mesas de San Pedro superar holgadamente el 20% necesario para llegar a la Comisi\u00f3n Directiva.<\/p>\n<p>La lista ganadora: Maria Jose \u00abMajo\u00bb Mora, directora de Cultura de la Municipalidad como Presidenta, como vicepresidente quedar\u00e1 Jos\u00e9 Luis Scattone, la concejala de Cambiemos Elisa Ferraro como tesorera y como secretario, Diego Chediak.<\/p>\n<p>Ser\u00e1n representantes ante la convenci\u00f3n provincial\u00a0 el actual secretario legislativo del Concejo Deliberante, Alejandro Donatti y Mar\u00eda Cristina Estevez. Como suplentes quedar\u00e1n el concejal y presidente saliente de la UCR Mart\u00edn Pando y Mar\u00eda Celina Bonce. Los vocales que deber\u00e1n repartirse con la lista opositora son: Clementina Marelli, Federico Prado, Carolina Camarasa, Luciano Juhant, Ivana Vitali, Juan Llar\u00edn, Laura Raill\u00f3n, Daniel Chazarreta, Ver\u00f3nica Fern\u00e1ndez, Adalberto \u00c1lvarez, Silvana Brambilla, Eduardo Cassinari, Cecilia Copello y Sergio Gamba. Los suplentes eran: Roc\u00edo Luna, Adri\u00e1n Devito, Ver\u00f3nica Ojeda, Federico Hansen, Mar\u00eda Julia Castell\u00e1n y Juan Cruz Llar\u00edn.<\/p>\n<p><img decoding=\"async\" data-attachment-id=\"42631\" data-permalink=\"https:\/\/eldiariodesanpedro.com.ar\/sitio\/elecciones-ucr-maria-jose-mora-es-la-presidente-del-partido\/45011742_10218014504294231_3627107255930847232_n\/\" data-orig-file=\"https:\/\/eldiariodesanpedro.com.ar\/sitio\/wp-content\/uploads\/2018\/10\/45011742_10218014504294231_3627107255930847232_n.jpg\" data-orig-size=\"577,960\" data-comments-opened=\"1\" data-image-meta=\"{&quot;aperture&quot;:&quot;0&quot;,&quot;credit&quot;:&quot;&quot;,&quot;camera&quot;:&quot;&quot;,&quot;caption&quot;:&quot;&quot;,&quot;created_timestamp&quot;:&quot;0&quot;,&quot;copyright&quot;:&quot;&quot;,&quot;focal_length&quot;:&quot;0&quot;,&quot;iso&quot;:&quot;0&quot;,&quot;shutter_speed&quot;:&quot;0&quot;,&quot;title&quot;:&quot;&quot;,&quot;orientation&quot;:&quot;0&quot;}\" data-image-title=\"45011742_10218014504294231_3627107255930847232_n\" data-image-description=\"\" data-image-caption=\"\" data-large-file=\"https:\/\/eldiariodesanpedro.com.ar\/sitio\/wp-content\/uploads\/2018\/10\/45011742_10218014504294231_3627107255930847232_n.jpg\" class=\"alignnone size-full wp-image-42631 lazyload\" data-src=\"https:\/\/eldiariodesanpedro.com.ar\/sitio\/wp-content\/uploads\/2018\/10\/45011742_10218014504294231_3627107255930847232_n.jpg\" alt=\"\" width=\"577\" height=\"960\" data-srcset=\"https:\/\/eldiariodesanpedro.com.ar\/sitio\/wp-content\/uploads\/2018\/10\/45011742_10218014504294231_3627107255930847232_n.jpg 577w, https:\/\/eldiariodesanpedro.com.ar\/sitio\/wp-content\/uploads\/2018\/10\/45011742_10218014504294231_3627107255930847232_n-180x300.jpg 180w\" data-sizes=\"(max-width: 577px) 100vw, 577px\" src=\"data:image\/svg+xml;base64,PHN2ZyB3aWR0aD0iMSIgaGVpZ2h0PSIxIiB4bWxucz0iaHR0cDovL3d3dy53My5vcmcvMjAwMC9zdmciPjwvc3ZnPg==\" style=\"--smush-placeholder-width: 577px; --smush-placeholder-aspect-ratio: 577\/960;\" \/><\/p>\n","protected":false},"excerpt":{"rendered":"<p>Este domingo se realizaron las elecciones internas del Partido centenario. M\u00e1s de 2000 afiliados est\u00e1ban habilitados para votar. Se enfrentaron dos sectores: el espacio que lidera el exintendente Mario Barbieri, representado por la actual Directora de Cultura Mar\u00eda Jos\u00e9 Mora; y el espacio de Germ\u00e1n L\u00f3pez, con Enzo Gravino a la cabeza. Los resultados de [&hellip;]<\/p>\n","protected":false},"author":4,"featured_media":42632,"comment_status":"open","ping_status":"closed","sticky":false,"template":"","format":"standard","meta":{"om_disable_all_campaigns":false,"_jetpack_memberships_contains_paid_content":false,"footnotes":""},"categories":[50,101,2],"tags":[],"class_list":["post-42630","post","type-post","status-publish","format-standard","has-post-thumbnail","hentry","category-destacadas","category-interes-general-locales","category-locales"],"aioseo_notices":[],"gutentor_comment":0,"jetpack_featured_media_url":"https:\/\/eldiariodesanpedro.com.ar\/sitio\/wp-content\/uploads\/2018\/10\/44920002_2431364130239437_507673028537090048_n.jpg","jetpack_shortlink":"https:\/\/wp.me\/p6RhLt-b5A","jetpack_sharing_enabled":true,"_links":{"self":[{"href":"https:\/\/eldiariodesanpedro.com.ar\/sitio\/wp-json\/wp\/v2\/posts\/42630","targetHints":{"allow":["GET"]}}],"collection":[{"href":"https:\/\/eldiariodesanpedro.com.ar\/sitio\/wp-json\/wp\/v2\/posts"}],"about":[{"href":"https:\/\/eldiariodesanpedro.com.ar\/sitio\/wp-json\/wp\/v2\/types\/post"}],"author":[{"embeddable":true,"href":"https:\/\/eldiariodesanpedro.com.ar\/sitio\/wp-json\/wp\/v2\/users\/4"}],"replies":[{"embeddable":true,"href":"https:\/\/eldiariodesanpedro.com.ar\/sitio\/wp-json\/wp\/v2\/comments?post=42630"}],"version-history":[{"count":3,"href":"https:\/\/eldiariodesanpedro.com.ar\/sitio\/wp-json\/wp\/v2\/posts\/42630\/revisions"}],"predecessor-version":[{"id":42635,"href":"https:\/\/eldiariodesanpedro.com.ar\/sitio\/wp-json\/wp\/v2\/posts\/42630\/revisions\/42635"}],"wp:featuredmedia":[{"embeddable":true,"href":"https:\/\/eldiariodesanpedro.com.ar\/sitio\/wp-json\/wp\/v2\/media\/42632"}],"wp:attachment":[{"href":"https:\/\/eldiariodesanpedro.com.ar\/sitio\/wp-json\/wp\/v2\/media?parent=42630"}],"wp:term":[{"taxonomy":"category","embeddable":true,"href":"https:\/\/eldiariodesanpedro.com.ar\/sitio\/wp-json\/wp\/v2\/categories?post=42630"},{"taxonomy":"post_tag","embeddable":true,"href":"https:\/\/eldiariodesanpedro.com.ar\/sitio\/wp-json\/wp\/v2\/tags?post=42630"}],"curies":[{"name":"wp","href":"https:\/\/api.w.org\/{rel}","templated":true}]}}