{"id":42624,"date":"2018-10-28T20:45:27","date_gmt":"2018-10-28T23:45:27","guid":{"rendered":"https:\/\/eldiariodesanpedro.com.ar\/sitio\/?p=42624"},"modified":"2026-01-24T00:09:11","modified_gmt":"2026-01-24T03:09:11","slug":"ciclismo-cristian-basualdo-y-lazaro-villarruel-se-consagraron-campeones-argentinos-en-el-argentino-master","status":"publish","type":"post","link":"https:\/\/eldiariodesanpedro.com.ar\/sitio\/ciclismo-cristian-basualdo-y-lazaro-villarruel-se-consagraron-campeones-argentinos-en-el-argentino-master\/","title":{"rendered":"CICLISMO: Cristian Basualdo y L\u00e1zaro Villarruel se consagraron campeones argentinos en el Argentino M\u00e1ster"},"content":{"rendered":"<p><!-- VideographyWP Plugin Message: Automatic video embedding prevented by plugin options. --><br \/>\n  Inolvidable actuaci\u00f3n de ambos ciclistas que lograron la de Oro en el campeonato se llev\u00f3 a cabo en el vel\u00f3dromo Rub\u00e9n Rosetti de la Asociaci\u00f3n Ciclista Juninense, desarroll\u00e1ndose el Argentino de Pista para las categor\u00edas M\u00e1ster y Promocionales. El mismo fue fiscalizado por la Federaci\u00f3n Argentina de Ciclismo Pista y Ruta, (FACPYR).<br \/>\n  L\u00e1zaro el s\u00e1bado fue campe\u00f3n argentino en Kil\u00f3metro empleando un tiempo de 1\u201911\u2033355.<br \/>\n  Cristian Basualdo es el otro ciclista de nuestra ciudad que se consagr\u00f3 campe\u00f3n argentino de Velocidad, M\u00e1ster \u201cB-2\u201d (Ampliaremos)<\/p>\n","protected":false},"excerpt":{"rendered":"<p>Inolvidable actuaci\u00f3n de ambos ciclistas que lograron la de Oro en el campeonato se llev\u00f3 a cabo en el vel\u00f3dromo Rub\u00e9n Rosetti de la Asociaci\u00f3n Ciclista Juninense, desarroll\u00e1ndose el Argentino de Pista para las categor\u00edas M\u00e1ster y Promocionales. El mismo fue fiscalizado por la Federaci\u00f3n Argentina de Ciclismo Pista y Ruta, (FACPYR). L\u00e1zaro el s\u00e1bado [&hellip;]<\/p>\n","protected":false},"author":4,"featured_media":24046,"comment_status":"open","ping_status":"closed","sticky":false,"template":"","format":"standard","meta":{"om_disable_all_campaigns":false,"_jetpack_memberships_contains_paid_content":false,"footnotes":""},"categories":[5],"tags":[],"class_list":["post-42624","post","type-post","status-publish","format-standard","has-post-thumbnail","hentry","category-deportes"],"aioseo_notices":[],"gutentor_comment":0,"jetpack_featured_media_url":"https:\/\/eldiariodesanpedro.com.ar\/sitio\/wp-content\/uploads\/2017\/10\/ciclismo-2.jpg","jetpack_shortlink":"https:\/\/wp.me\/p6RhLt-b5u","jetpack_sharing_enabled":true,"_links":{"self":[{"href":"https:\/\/eldiariodesanpedro.com.ar\/sitio\/wp-json\/wp\/v2\/posts\/42624","targetHints":{"allow":["GET"]}}],"collection":[{"href":"https:\/\/eldiariodesanpedro.com.ar\/sitio\/wp-json\/wp\/v2\/posts"}],"about":[{"href":"https:\/\/eldiariodesanpedro.com.ar\/sitio\/wp-json\/wp\/v2\/types\/post"}],"author":[{"embeddable":true,"href":"https:\/\/eldiariodesanpedro.com.ar\/sitio\/wp-json\/wp\/v2\/users\/4"}],"replies":[{"embeddable":true,"href":"https:\/\/eldiariodesanpedro.com.ar\/sitio\/wp-json\/wp\/v2\/comments?post=42624"}],"version-history":[{"count":1,"href":"https:\/\/eldiariodesanpedro.com.ar\/sitio\/wp-json\/wp\/v2\/posts\/42624\/revisions"}],"predecessor-version":[{"id":42627,"href":"https:\/\/eldiariodesanpedro.com.ar\/sitio\/wp-json\/wp\/v2\/posts\/42624\/revisions\/42627"}],"wp:featuredmedia":[{"embeddable":true,"href":"https:\/\/eldiariodesanpedro.com.ar\/sitio\/wp-json\/wp\/v2\/media\/24046"}],"wp:attachment":[{"href":"https:\/\/eldiariodesanpedro.com.ar\/sitio\/wp-json\/wp\/v2\/media?parent=42624"}],"wp:term":[{"taxonomy":"category","embeddable":true,"href":"https:\/\/eldiariodesanpedro.com.ar\/sitio\/wp-json\/wp\/v2\/categories?post=42624"},{"taxonomy":"post_tag","embeddable":true,"href":"https:\/\/eldiariodesanpedro.com.ar\/sitio\/wp-json\/wp\/v2\/tags?post=42624"}],"curies":[{"name":"wp","href":"https:\/\/api.w.org\/{rel}","templated":true}]}}