{"id":42619,"date":"2018-10-28T20:43:59","date_gmt":"2018-10-28T23:43:59","guid":{"rendered":"https:\/\/eldiariodesanpedro.com.ar\/sitio\/?p=42619"},"modified":"2026-01-24T00:09:11","modified_gmt":"2026-01-24T03:09:11","slug":"futbol-infantil-villa-igoillo-parana-san-roque-atletico-en-2011-y-atletico-villa-igoillo-mitre-y-parana-en-2010-los-primeros-campeones-del-clausura","status":"publish","type":"post","link":"https:\/\/eldiariodesanpedro.com.ar\/sitio\/futbol-infantil-villa-igoillo-parana-san-roque-atletico-en-2011-y-atletico-villa-igoillo-mitre-y-parana-en-2010-los-primeros-campeones-del-clausura\/","title":{"rendered":"F\u00daTBOL INFANTIL: Villa Igoillo, Paran\u00e1, San Roque, Atl\u00e9tico en 2011 y Atl\u00e9tico, Villa Igoillo, Mitre y Paran\u00e1 en 2010 los primeros campeones del Clausura"},"content":{"rendered":"<p><!-- VideographyWP Plugin Message: Automatic video embedding prevented by plugin options. --><br \/>\nEste fin de semana se jug\u00f3 \u00faltima fecha de la ronda de clasificaci\u00f3n del Torneo Clausura que es organizado por la Liga Infantil de F\u00fatbol de San Pedro.<\/p>\n<p>  Las dos cat. m\u00e1s chicas definen en cada zona el campe\u00f3n, habiendo sido la \u00faltima fecha de juego de 2018, pero las cuatro restantes definir\u00e1n el t\u00edtulo a partir del pr\u00f3ximo s\u00e1bado.<\/p>\n<p><strong>Todos los campeones 2011 y 2010<\/strong><br \/>\n  En \u00e9sta \u00faltima jornada se consagraron los \u00faltimos campeones en las categor\u00edas m\u00e1s peque\u00f1as: Villa Igoillo, Paran\u00e1, San Roque, Atl\u00e9tico en 2011 y Atl\u00e9tico, Villa Igoillo, Mitre y Paran\u00e1 en 2010.<\/p>\n<p><strong>Resultados<\/strong><br \/>\n <img decoding=\"async\" data-attachment-id=\"42621\" data-permalink=\"https:\/\/eldiariodesanpedro.com.ar\/sitio\/futbol-infantil-villa-igoillo-parana-san-roque-atletico-en-2011-y-atletico-villa-igoillo-mitre-y-parana-en-2010-los-primeros-campeones-del-clausura\/info-29-10-18-resultados\/\" data-orig-file=\"https:\/\/eldiariodesanpedro.com.ar\/sitio\/wp-content\/uploads\/2018\/10\/Info-29-10-18-resultados.png\" data-orig-size=\"552,445\" data-comments-opened=\"1\" data-image-meta=\"{&quot;aperture&quot;:&quot;0&quot;,&quot;credit&quot;:&quot;&quot;,&quot;camera&quot;:&quot;&quot;,&quot;caption&quot;:&quot;&quot;,&quot;created_timestamp&quot;:&quot;0&quot;,&quot;copyright&quot;:&quot;&quot;,&quot;focal_length&quot;:&quot;0&quot;,&quot;iso&quot;:&quot;0&quot;,&quot;shutter_speed&quot;:&quot;0&quot;,&quot;title&quot;:&quot;&quot;,&quot;orientation&quot;:&quot;0&quot;}\" data-image-title=\"Info 29-10-18 resultados\" data-image-description=\"\" data-image-caption=\"\" data-large-file=\"https:\/\/eldiariodesanpedro.com.ar\/sitio\/wp-content\/uploads\/2018\/10\/Info-29-10-18-resultados.png\" data-src=\"https:\/\/eldiariodesanpedro.com.ar\/sitio\/wp-content\/uploads\/2018\/10\/Info-29-10-18-resultados.png\" alt=\"\" width=\"552\" height=\"445\" class=\"alignnone size-full wp-image-42621 lazyload\" data-srcset=\"https:\/\/eldiariodesanpedro.com.ar\/sitio\/wp-content\/uploads\/2018\/10\/Info-29-10-18-resultados.png 552w, https:\/\/eldiariodesanpedro.com.ar\/sitio\/wp-content\/uploads\/2018\/10\/Info-29-10-18-resultados-300x242.png 300w\" data-sizes=\"(max-width: 552px) 100vw, 552px\" src=\"data:image\/svg+xml;base64,PHN2ZyB3aWR0aD0iMSIgaGVpZ2h0PSIxIiB4bWxucz0iaHR0cDovL3d3dy53My5vcmcvMjAwMC9zdmciPjwvc3ZnPg==\" style=\"--smush-placeholder-width: 552px; --smush-placeholder-aspect-ratio: 552\/445;\" \/><\/p>\n<p><strong>Posiciones finales<\/strong><br \/>\n<em>2011<\/em><br \/>\nZONA \u201cA\u201d: Villa Igoillo 16, El Porvenir 9, Def. Unidos 7, Agricultores 6, Castro FC 2 ZONA \u201cB\u201d: Paran\u00e1 14, El Tanque 8, Pescadores 7, Los Andes 6, General San Mart\u00edn 5 ZONA \u201cC\u201d: Atl\u00e9tico 14, Fundici\u00f3n 11, Rivadavia 9, Sportivo 6, Costa Azul 0 ZONA \u201cD\u201d: San Roque 17, Independencia 15, Mitre 14, Central C\u00f3rdoba 8, Independiente (RT) 4, Am\u00e9rica 2<\/p>\n<p><em>2010<\/em><br \/>\nZONA \u201cA\u201d: Villa Igoillo 10, El Porvenir 8, Agricultores 6, Def. Unidos 0 ZONA \u201cB\u201d: Paran\u00e1 16, General San Mart\u00edn 11, Los Andes 6, El Tanque 5, Pescadores 2 ZONA \u201cC\u201d: Atl\u00e9tico 17, Rivadavia 16, Sportivo 12, Fundici\u00f3n 11, Deportivo Alsina 4, Costa Azul 0 ZONA \u201cD\u201d: Mitre 20, Independencia 15, San Roque 12, Central C\u00f3rdoba 6, Am\u00e9rica 3, Independiente (RT) 4<\/p>\n<p><em>2009<\/em><br \/>\nZONA \u201cA\u201d: Agricultores 12, El Porvenir 12, Villa Igoillo 11, Castro FC 5, Def. Unidos 0 ZONA \u201cB\u201d: General San Mart\u00edn 13, Paran\u00e1 13, El Tanque 9, Los Andes 4, Pescadores 1 ZONA \u201cC\u201d: Sportivo 18, Deportivo Alsina 13, Atl\u00e9tico 10, Rivadavia 10, Fundici\u00f3n 5, Costa Azul 4 ZONA \u201cD\u201d: Mitre 17, Independencia 15, Central C\u00f3rdoba 12, San Roque 11, Am\u00e9rica 5, Independiente (RT) 0<\/p>\n<p><em>2008<\/em><br \/>\nZONA \u201cA\u201d: El Porvenir 16, Agricultores 11, Castro FC 6, Villa Igoillo 5, Def. Unidos 2 ZONA \u201cB\u201d: General San Mart\u00edn 12, Paran\u00e1 12, El Tanque 10, Pescadores 4, Los Andes 2 ZONA \u201cC\u201d: Rivadavia 17, Sportivo 15, Fundici\u00f3n 12, Deportivo Alsina 9, Costa Azul 6, Atl\u00e9tico 1 ZONA \u201cD\u201d: Mitre 17, Am\u00e9rica 15, Central C\u00f3rdoba 12, Independencia 9, San Roque 4, Independiente (RT) 3<\/p>\n<p><em>2007<\/em><br \/>\nZONA \u201cA\u201d: El Porvenir 16, Agricultores 7, Castro FC 6, Def. Unidos 6, Villa Igoillo 5 ZONA \u201cB\u201d: El Tanque 13, General San Mart\u00edn 11, Paran\u00e1 7, Los Andes 5, Pescadores 4 ZONA \u201cC\u201d: Sportivo 16, Costa Azul 16, Rivadavia 12, Fundici\u00f3n 10, Atl\u00e9tico 4, Deportivo Alsina 2 ZONA \u201cD\u201d: Mitre 19, Central C\u00f3rdoba 14, San Roque 12, Independiente (RT) 8, Independencia 4, Am\u00e9rica 3<\/p>\n<p><em>2006<\/em><br \/>\nZONA \u201cA\u201d: El Porvenir 16, Villa Igoillo 9, Def. Unidos 7, Castro FC 6, Agricultores 2 ZONA \u201cB\u201d: Paran\u00e1 15, General San Mart\u00edn 11, El Tanque 10, Los Andes 4, Pescadores 0 ZONA \u201cC\u201d: Sportivo 19, Rivadavia 12, Atl\u00e9tico 12, Fundici\u00f3n 11, Costa Azul 5, Deportivo Alsina 1 ZONA \u201cD\u201d: Mitre 16, Independencia 16, Am\u00e9rica 11, San Roque 11, Central C\u00f3rdoba 6, Independiente (RT) 0<\/p>\n<p>  En la sesi\u00f3n del martes pr\u00f3ximo la Liga Infantil confirmar\u00e1 los cruces con las posiciones oficiales.<\/p>\n","protected":false},"excerpt":{"rendered":"<p>Este fin de semana se jug\u00f3 \u00faltima fecha de la ronda de clasificaci\u00f3n del Torneo Clausura que es organizado por la Liga Infantil de F\u00fatbol de San Pedro. Las dos cat. m\u00e1s chicas definen en cada zona el campe\u00f3n, habiendo sido la \u00faltima fecha de juego de 2018, pero las cuatro restantes definir\u00e1n el t\u00edtulo [&hellip;]<\/p>\n","protected":false},"author":4,"featured_media":39146,"comment_status":"open","ping_status":"closed","sticky":false,"template":"","format":"standard","meta":{"om_disable_all_campaigns":false,"_jetpack_memberships_contains_paid_content":false,"footnotes":""},"categories":[5],"tags":[],"class_list":["post-42619","post","type-post","status-publish","format-standard","has-post-thumbnail","hentry","category-deportes"],"aioseo_notices":[],"gutentor_comment":0,"jetpack_featured_media_url":"https:\/\/eldiariodesanpedro.com.ar\/sitio\/wp-content\/uploads\/2018\/08\/futbol-infantil-08-2018.jpg","jetpack_shortlink":"https:\/\/wp.me\/p6RhLt-b5p","jetpack_sharing_enabled":true,"_links":{"self":[{"href":"https:\/\/eldiariodesanpedro.com.ar\/sitio\/wp-json\/wp\/v2\/posts\/42619","targetHints":{"allow":["GET"]}}],"collection":[{"href":"https:\/\/eldiariodesanpedro.com.ar\/sitio\/wp-json\/wp\/v2\/posts"}],"about":[{"href":"https:\/\/eldiariodesanpedro.com.ar\/sitio\/wp-json\/wp\/v2\/types\/post"}],"author":[{"embeddable":true,"href":"https:\/\/eldiariodesanpedro.com.ar\/sitio\/wp-json\/wp\/v2\/users\/4"}],"replies":[{"embeddable":true,"href":"https:\/\/eldiariodesanpedro.com.ar\/sitio\/wp-json\/wp\/v2\/comments?post=42619"}],"version-history":[{"count":1,"href":"https:\/\/eldiariodesanpedro.com.ar\/sitio\/wp-json\/wp\/v2\/posts\/42619\/revisions"}],"predecessor-version":[{"id":42623,"href":"https:\/\/eldiariodesanpedro.com.ar\/sitio\/wp-json\/wp\/v2\/posts\/42619\/revisions\/42623"}],"wp:featuredmedia":[{"embeddable":true,"href":"https:\/\/eldiariodesanpedro.com.ar\/sitio\/wp-json\/wp\/v2\/media\/39146"}],"wp:attachment":[{"href":"https:\/\/eldiariodesanpedro.com.ar\/sitio\/wp-json\/wp\/v2\/media?parent=42619"}],"wp:term":[{"taxonomy":"category","embeddable":true,"href":"https:\/\/eldiariodesanpedro.com.ar\/sitio\/wp-json\/wp\/v2\/categories?post=42619"},{"taxonomy":"post_tag","embeddable":true,"href":"https:\/\/eldiariodesanpedro.com.ar\/sitio\/wp-json\/wp\/v2\/tags?post=42619"}],"curies":[{"name":"wp","href":"https:\/\/api.w.org\/{rel}","templated":true}]}}