{"id":42614,"date":"2018-10-28T20:36:58","date_gmt":"2018-10-28T23:36:58","guid":{"rendered":"https:\/\/eldiariodesanpedro.com.ar\/sitio\/?p=42614"},"modified":"2018-10-28T20:36:58","modified_gmt":"2018-10-28T23:36:58","slug":"san-nicolas-nacion-subsidiara-con-3-millones-de-pesos-la-restauracion-de-la-catedral","status":"publish","type":"post","link":"https:\/\/eldiariodesanpedro.com.ar\/sitio\/san-nicolas-nacion-subsidiara-con-3-millones-de-pesos-la-restauracion-de-la-catedral\/","title":{"rendered":"SAN NICOL\u00c1S: Naci\u00f3n subsidiar\u00e1 con 3 millones de pesos la restauraci\u00f3n de la Catedral"},"content":{"rendered":"<p><!-- VideographyWP Plugin Message: Automatic video embedding prevented by plugin options. --><br \/>\nEn conferencia de prensa, se anunci\u00f3 que continuar\u00e1 la obra de restauraci\u00f3n de la Catedral de San Nicol\u00e1s con el apoyo del Ministerio de Desarrollo Social de la Naci\u00f3n que aportar\u00e1 un monto total de 3 millones de pesos.<\/p>\n<p>  Estuvieron presentes, el obispo de San Nicol\u00e1s, Monse\u00f1or Hugo Santiago; el padre Javier Fortunato; el intendente municipal Cdor. Manuel Passaglia; Fernando Pini y el Fernando Reggio, subsecretario de Abordaje Territorial de Desarrollo Social de Naci\u00f3n.<br \/>\n  \u00abDesde el Ministerio tratamos de acompa\u00f1ar el trabajo del Municipio y la Iglesia. Entendimos que la Catedral es un lugar que se realizan un mont\u00f3n de actividades relacionadas con lo social y decidimos ponerla en condiciones y acompa\u00f1ar con nuestras herramientas\u00bb, explic\u00f3 Reggio.<br \/>\n  Y agreg\u00f3 que har\u00e1n entrega de un subsidio de 3 millones de pesos para reanudar la obra de reconstrucci\u00f3n y acompa\u00f1ar otros programas sociales de la iglesia.<br \/>\n  La gesti\u00f3n fue realizada por el nicole\u00f1o Fernando Pini, quien organiz\u00f3 y llev\u00f3 en el a\u00f1o 2017 y 2016 el evento \u00abTe regalo una canci\u00f3n\u00bb y acompa\u00f1\u00f3 al grupo Movilizarte, permitiendo contribuir consideradamente en la obra de la iglesia, luego del incendio.<br \/>\n  Por su parte, el padre Javier Fortunato, p\u00e1rroco de la Catedral aprovech\u00f3 la oportunidad para agradecer la colaboraci\u00f3n de todos.<br \/>\n  \u00abQuer\u00eda agradecer la presencia y permanente preocupaci\u00f3n de toda la gente de San Nicol\u00e1s. La gratitud es por lo que se ha podido hacer desde noviembre del a\u00f1o pasado cuando se reabrieron las puertas de la Catedral y fue la gran sorpresa para muchos por el da\u00f1o producido, y posterior a esa apertura, al Festival Te Regalo Una Canci\u00f3n y Movilizarte\u00bb, repas\u00f3 el padre Fortunato.<\/p>\n<p>Fuente: Diario El Informante<\/p>\n","protected":false},"excerpt":{"rendered":"<p>En conferencia de prensa, se anunci\u00f3 que continuar\u00e1 la obra de restauraci\u00f3n de la Catedral de San Nicol\u00e1s con el apoyo del Ministerio de Desarrollo Social de la Naci\u00f3n que aportar\u00e1 un monto total de 3 millones de pesos. Estuvieron presentes, el obispo de San Nicol\u00e1s, Monse\u00f1or Hugo Santiago; el padre Javier Fortunato; el intendente [&hellip;]<\/p>\n","protected":false},"author":4,"featured_media":42617,"comment_status":"open","ping_status":"closed","sticky":false,"template":"","format":"standard","meta":{"om_disable_all_campaigns":false,"_jetpack_memberships_contains_paid_content":false,"footnotes":""},"categories":[621],"tags":[],"class_list":["post-42614","post","type-post","status-publish","format-standard","has-post-thumbnail","hentry","category-regionales"],"aioseo_notices":[],"gutentor_comment":0,"jetpack_featured_media_url":"https:\/\/eldiariodesanpedro.com.ar\/sitio\/wp-content\/uploads\/2018\/10\/PAGINA-7-4.jpg","jetpack_shortlink":"https:\/\/wp.me\/p6RhLt-b5k","jetpack_sharing_enabled":true,"_links":{"self":[{"href":"https:\/\/eldiariodesanpedro.com.ar\/sitio\/wp-json\/wp\/v2\/posts\/42614","targetHints":{"allow":["GET"]}}],"collection":[{"href":"https:\/\/eldiariodesanpedro.com.ar\/sitio\/wp-json\/wp\/v2\/posts"}],"about":[{"href":"https:\/\/eldiariodesanpedro.com.ar\/sitio\/wp-json\/wp\/v2\/types\/post"}],"author":[{"embeddable":true,"href":"https:\/\/eldiariodesanpedro.com.ar\/sitio\/wp-json\/wp\/v2\/users\/4"}],"replies":[{"embeddable":true,"href":"https:\/\/eldiariodesanpedro.com.ar\/sitio\/wp-json\/wp\/v2\/comments?post=42614"}],"version-history":[{"count":2,"href":"https:\/\/eldiariodesanpedro.com.ar\/sitio\/wp-json\/wp\/v2\/posts\/42614\/revisions"}],"predecessor-version":[{"id":42620,"href":"https:\/\/eldiariodesanpedro.com.ar\/sitio\/wp-json\/wp\/v2\/posts\/42614\/revisions\/42620"}],"wp:featuredmedia":[{"embeddable":true,"href":"https:\/\/eldiariodesanpedro.com.ar\/sitio\/wp-json\/wp\/v2\/media\/42617"}],"wp:attachment":[{"href":"https:\/\/eldiariodesanpedro.com.ar\/sitio\/wp-json\/wp\/v2\/media?parent=42614"}],"wp:term":[{"taxonomy":"category","embeddable":true,"href":"https:\/\/eldiariodesanpedro.com.ar\/sitio\/wp-json\/wp\/v2\/categories?post=42614"},{"taxonomy":"post_tag","embeddable":true,"href":"https:\/\/eldiariodesanpedro.com.ar\/sitio\/wp-json\/wp\/v2\/tags?post=42614"}],"curies":[{"name":"wp","href":"https:\/\/api.w.org\/{rel}","templated":true}]}}