{"id":42610,"date":"2018-10-28T20:35:35","date_gmt":"2018-10-28T23:35:35","guid":{"rendered":"https:\/\/eldiariodesanpedro.com.ar\/sitio\/?p=42610"},"modified":"2018-10-28T20:35:35","modified_gmt":"2018-10-28T23:35:35","slug":"zarate-desesperado-pedido-de-la-viuda-del-empresario-italiano-asesinado","status":"publish","type":"post","link":"https:\/\/eldiariodesanpedro.com.ar\/sitio\/zarate-desesperado-pedido-de-la-viuda-del-empresario-italiano-asesinado\/","title":{"rendered":"Z\u00c1RATE: Desesperado pedido de la viuda del empresario italiano asesinado"},"content":{"rendered":"<p><!-- VideographyWP Plugin Message: Automatic video embedding prevented by plugin options. --><br \/>\nLa mujer le envi\u00f3 un mensaje a una persona que ten\u00eda que reunirse con Vittorio Piva. Las pistas que siguen los investigadores.<\/p>\n<p>  El mensaje dura solo 39 segundos, pero el ruego parece eterno. \u201cTe suplico por lo m\u00e1s sagrado, si t\u00fa tienes familia, que t\u00fa me digas qu\u00e9 hicieron con mi marido \u00bfQu\u00e9 le hicieron a \u00e9l? \u00a1Por favor que me digan!\u201d, imploraba la mujer de Vittorio Piva, el empresario italiano que apareci\u00f3 muerto en Z\u00e1rate con cuatro tiros en la espalda.<br \/>\n  \u201cUstedes le hicieron alguna cosa. Ustedes le hicieron. Usted y ese se\u00f1or Sergio \u00bfQu\u00e9 es lo que hicieron? Le pido que me diga, \u00bfpor qu\u00e9 no habla usted, se\u00f1or? Si con usted se entrevist\u00f3 por \u00faltima vez, por \u00faltima vez, tengo los mensajes, tengo la constancia \u00bfPor qu\u00e9 son malvados? \u00bfPor qu\u00e9?\u201d, le insisti\u00f3 la viuda a su interlocutor.<br \/>\n  La Fiscal porte\u00f1a M\u00f3nica Cu\u00f1arro recibi\u00f3 la denuncia por la desaparici\u00f3n el 22 de octubre, aunque su familia no sab\u00eda nada de \u00e9l desde el 12 de ese mes, y de inmediato le dio intervenci\u00f3n a la Divisi\u00f3n B\u00fasqueda de Personas Desaparecidas de la Polic\u00eda Federal (PFA).<br \/>\n  Su par de Z\u00e1rate, Alberto Guti\u00e9rrez, fue el que les orden\u00f3 a los peritos forenses identificar el cuerpo encontrado el 18 de octubre. Mientras deciden qui\u00e9n continuar\u00e1 con la causa, los investigadores pusieron la lupa sobre el entorno familiar y laboral del italiano en el pa\u00eds.<br \/>\n  TN.com.ar pudo saber de una fuente judicial que Piva fue detenido el 25 de febrero de 2016 junto a dos personas por tenencia de estupefacientes, pero el juez federal Daniel Rafecas los sobresey\u00f3 por la contradicci\u00f3n entre un testigo y los polic\u00edas y denunci\u00f3 a los oficiales por las irregularidades de ese operativo. Una vez liberado hizo 16 viajes al exterior, principalmente a Bolivia, donde vive su mujer.<br \/>\n  Las divisiones de Homicidios y Tecnolog\u00eda de la PFA allanaron el \u00faltimo domicilio de Piva, ubicado en la calle Lavalleja 122, del barrio porte\u00f1o de Villa Crespo, con la intenci\u00f3n de encontrar alguna pista que los lleve a los asesinos.<\/p>\n<p>Fuente: Z\u00e1rate Alerta<\/p>\n","protected":false},"excerpt":{"rendered":"<p>La mujer le envi\u00f3 un mensaje a una persona que ten\u00eda que reunirse con Vittorio Piva. Las pistas que siguen los investigadores. El mensaje dura solo 39 segundos, pero el ruego parece eterno. \u201cTe suplico por lo m\u00e1s sagrado, si t\u00fa tienes familia, que t\u00fa me digas qu\u00e9 hicieron con mi marido \u00bfQu\u00e9 le hicieron [&hellip;]<\/p>\n","protected":false},"author":4,"featured_media":42611,"comment_status":"open","ping_status":"closed","sticky":false,"template":"","format":"standard","meta":{"om_disable_all_campaigns":false,"_jetpack_memberships_contains_paid_content":false,"footnotes":""},"categories":[621],"tags":[],"class_list":["post-42610","post","type-post","status-publish","format-standard","has-post-thumbnail","hentry","category-regionales"],"aioseo_notices":[],"gutentor_comment":0,"jetpack_featured_media_url":"https:\/\/eldiariodesanpedro.com.ar\/sitio\/wp-content\/uploads\/2018\/10\/Desesperado-pedido-de-la-viuda-del-empresario-italiano-asesinado.jpg","jetpack_shortlink":"https:\/\/wp.me\/p6RhLt-b5g","jetpack_sharing_enabled":true,"_links":{"self":[{"href":"https:\/\/eldiariodesanpedro.com.ar\/sitio\/wp-json\/wp\/v2\/posts\/42610","targetHints":{"allow":["GET"]}}],"collection":[{"href":"https:\/\/eldiariodesanpedro.com.ar\/sitio\/wp-json\/wp\/v2\/posts"}],"about":[{"href":"https:\/\/eldiariodesanpedro.com.ar\/sitio\/wp-json\/wp\/v2\/types\/post"}],"author":[{"embeddable":true,"href":"https:\/\/eldiariodesanpedro.com.ar\/sitio\/wp-json\/wp\/v2\/users\/4"}],"replies":[{"embeddable":true,"href":"https:\/\/eldiariodesanpedro.com.ar\/sitio\/wp-json\/wp\/v2\/comments?post=42610"}],"version-history":[{"count":1,"href":"https:\/\/eldiariodesanpedro.com.ar\/sitio\/wp-json\/wp\/v2\/posts\/42610\/revisions"}],"predecessor-version":[{"id":42613,"href":"https:\/\/eldiariodesanpedro.com.ar\/sitio\/wp-json\/wp\/v2\/posts\/42610\/revisions\/42613"}],"wp:featuredmedia":[{"embeddable":true,"href":"https:\/\/eldiariodesanpedro.com.ar\/sitio\/wp-json\/wp\/v2\/media\/42611"}],"wp:attachment":[{"href":"https:\/\/eldiariodesanpedro.com.ar\/sitio\/wp-json\/wp\/v2\/media?parent=42610"}],"wp:term":[{"taxonomy":"category","embeddable":true,"href":"https:\/\/eldiariodesanpedro.com.ar\/sitio\/wp-json\/wp\/v2\/categories?post=42610"},{"taxonomy":"post_tag","embeddable":true,"href":"https:\/\/eldiariodesanpedro.com.ar\/sitio\/wp-json\/wp\/v2\/tags?post=42610"}],"curies":[{"name":"wp","href":"https:\/\/api.w.org\/{rel}","templated":true}]}}